{"id":8727,"date":"2020-02-13T18:55:43","date_gmt":"2020-02-14T00:55:43","guid":{"rendered":"http:\/\/www.zonaroja.com.mx\/?p=8727"},"modified":"2020-02-13T18:55:45","modified_gmt":"2020-02-14T00:55:45","slug":"destaca-presidente-de-la-jucopo-de-64-legislatura-papel-de-la-radio-en-mexico","status":"publish","type":"post","link":"https:\/\/zonaroja.com.mx\/?p=8727","title":{"rendered":"Destaca presidente de la Jucopo de 64 Legislatura, papel de la radio en M\u00e9xico"},"content":{"rendered":"\n<p>Redacci\u00f3n\/Zona\nRoja.<\/p>\n\n\n\n<p>Oaxaca de\nJu\u00e1rez, Oax., 13 de febrero de 2020.- La radio es un medio democr\u00e1tico por\nexcelencia, que procura la diversidad de opiniones y de voces. Constituye una\nplataforma que permite a la ciudadan\u00eda defenderse de los abusos del poder,\nse\u00f1al\u00f3 el presidente de la Junta de Coordinaci\u00f3n Pol\u00edtica (Jucopo) del Congreso\nlocal, Horacio Sosa Villavicencio.<\/p>\n\n\n\n<p>En el marco\ndel D\u00eda Internacional de la Radio, el legislador apunt\u00f3 que es el medio de\ncomunicaci\u00f3n con mayor alcance entre las comunidades m\u00e1s alejadas; su presencia\nes innegable en los hogares, centros de trabajo y las oficinas, transmitiendo\ninformaci\u00f3n y esparcimiento, en el contexto de las amplias libertades que\nactualmente disfrutamos.<\/p>\n\n\n\n<p>El\npresidente de la Jucopo refiri\u00f3 que la representaci\u00f3n popular tiene presente\nque, en materia de radiodifusi\u00f3n, existe una deuda con los pueblos ind\u00edgenas\npara garantizar el acceso a la operaci\u00f3n de radios indigenistas que promuevan\nel uso, preservaci\u00f3n y transmisi\u00f3n intergeneracional de la lengua y del\nuniverso cultural que implica, en \u00e9ste, su historia, literatura, filosof\u00eda y\nsistema de conocimientos, entre otros elementos.<\/p>\n\n\n\n<p>Cabe\nmencionar que Sosa Villavicencio, en la sesi\u00f3n del pasado 5 de febrero, hizo\nentrega de una iniciativa de ley que busca fomentar entre pueblos y comunidades\nind\u00edgenas y afromexicanas, la creaci\u00f3n y el uso de radiodifusoras propias y,\ncon ello, impulsar la actividad radiof\u00f3nica en el estado.<\/p>\n\n\n\n<p>La propuesta\nconsiste en una adici\u00f3n de dos p\u00e1rrafos al Art\u00edculo 26 de la Ley de Derechos de\nlos Pueblos y Comunidades Ind\u00edgenas del Estado de Oaxaca, para otorgar nuevas\nfacultades a la Secretar\u00eda de Pueblos Ind\u00edgenas y Afromexicano.<\/p>\n\n\n\n<p>\u201cLa radio es\nun medio potente y de bajo costo, adecuado sobre todo para llegar a las\ncomunidades m\u00e1s remotas y a las vulnerables. Estimula, adem\u00e1s, el debate\np\u00fablico y permite una participaci\u00f3n igualitaria, independientemente del nivel\neducativo de los oyentes\u201d, se afirma en el proyecto de iniciativa presentado\npara su an\u00e1lisis y dictaminaci\u00f3n.<\/p>\n\n\n\n<p>El documento\nse\u00f1ala, adem\u00e1s, que la radio desempe\u00f1a un papel fundamental en la comunicaci\u00f3n,\nrespecto a situaciones de emergencia y en las operaciones de socorro en casos\nde desastre.<\/p>\n\n\n\n<p>Este medio\nde comunicaci\u00f3n se encuentra en una posici\u00f3n \u00fanica para unir a las comunidades,\nfomentar el di\u00e1logo positivo y el cambio. Provee, de diversos puntos de vista y\ndistintas voces necesarias para afrontar los retos de la actualidad. Esta\nperspectiva es expl\u00edcita en la Declaraci\u00f3n Americana sobre los Derechos de los\nPueblos Ind\u00edgenas, contenidas, en la fracci\u00f3n 3 de su Art\u00edculo XIV.<\/p>\n\n\n\n<p>Por ello,\nOaxaca debe contar con un mayor n\u00famero de radios ind\u00edgenas comunitarias. En la\nactualidad, solo existen cuatro registradas que son: Zaachila Radio, Radio\nNanhdi\u00e1 (Mazatl\u00e1n Villa de Flores), Radio Calenda (San Antonino Castillo\nVelasco) y Radio J\u00ebnpoj (Santa Mar\u00eda Tlahuiltoltepec).<\/p>\n\n\n\n<p>Cabe se\u00f1alar\nque la Asamblea General de la Organizaci\u00f3n de las Naciones Unidas aprob\u00f3 la\nproclamaci\u00f3n, por parte de la UNESCO, del D\u00eda Mundial de la Radio, fij\u00e1ndose el\n13 de febrero como una fecha emblem\u00e1tica en referencia al d\u00eda en que se cre\u00f3\nRadio Naciones Unidas, durante el a\u00f1o de 1946, al t\u00e9rmino de la Segunda Guerra\nMundial.<\/p>\n","protected":false},"excerpt":{"rendered":"<p>Redacci\u00f3n\/Zona Roja. Oaxaca de Ju\u00e1rez, Oax., 13 de febrero de 2020.- La radio es un&hellip;<\/p>\n","protected":false},"author":2,"featured_media":8728,"comment_status":"closed","ping_status":"open","sticky":false,"template":"","format":"standard","meta":{"_lmt_disableupdate":"","_lmt_disable":"","_jetpack_memberships_contains_paid_content":false,"footnotes":""},"categories":[109,46],"tags":[444],"class_list":["post-8727","post","type-post","status-publish","format-standard","has-post-thumbnail","hentry","category-minuto-a-minuto","category-zona-blanca","tag-horacio-sosa-villavicencio"],"jetpack_featured_media_url":"https:\/\/zonaroja.com.mx\/wp-content\/uploads\/2020\/02\/Horacio-Sosa-entrevista.png","jetpack_sharing_enabled":true,"_links":{"self":[{"href":"https:\/\/zonaroja.com.mx\/index.php?rest_route=\/wp\/v2\/posts\/8727","targetHints":{"allow":["GET"]}}],"collection":[{"href":"https:\/\/zonaroja.com.mx\/index.php?rest_route=\/wp\/v2\/posts"}],"about":[{"href":"https:\/\/zonaroja.com.mx\/index.php?rest_route=\/wp\/v2\/types\/post"}],"author":[{"embeddable":true,"href":"https:\/\/zonaroja.com.mx\/index.php?rest_route=\/wp\/v2\/users\/2"}],"replies":[{"embeddable":true,"href":"https:\/\/zonaroja.com.mx\/index.php?rest_route=%2Fwp%2Fv2%2Fcomments&post=8727"}],"version-history":[{"count":1,"href":"https:\/\/zonaroja.com.mx\/index.php?rest_route=\/wp\/v2\/posts\/8727\/revisions"}],"predecessor-version":[{"id":8729,"href":"https:\/\/zonaroja.com.mx\/index.php?rest_route=\/wp\/v2\/posts\/8727\/revisions\/8729"}],"wp:featuredmedia":[{"embeddable":true,"href":"https:\/\/zonaroja.com.mx\/index.php?rest_route=\/wp\/v2\/media\/8728"}],"wp:attachment":[{"href":"https:\/\/zonaroja.com.mx\/index.php?rest_route=%2Fwp%2Fv2%2Fmedia&parent=8727"}],"wp:term":[{"taxonomy":"category","embeddable":true,"href":"https:\/\/zonaroja.com.mx\/index.php?rest_route=%2Fwp%2Fv2%2Fcategories&post=8727"},{"taxonomy":"post_tag","embeddable":true,"href":"https:\/\/zonaroja.com.mx\/index.php?rest_route=%2Fwp%2Fv2%2Ftags&post=8727"}],"curies":[{"name":"wp","href":"https:\/\/api.w.org\/{rel}","templated":true}]}}