{"id":87272,"date":"2025-11-24T21:15:34","date_gmt":"2025-11-25T03:15:34","guid":{"rendered":"https:\/\/zonaroja.com.mx\/?p=87272"},"modified":"2025-11-24T21:15:37","modified_gmt":"2025-11-25T03:15:37","slug":"hasta-el-proximo-ano-paro-de-72-horas-de-la-cnte-refuta-dichos-de-sheinbaum","status":"publish","type":"post","link":"https:\/\/zonaroja.com.mx\/?p=87272","title":{"rendered":"Hasta el pr\u00f3ximo a\u00f1o, paro de 72 horas de la CNTE; refuta dichos de Sheinbaum"},"content":{"rendered":"\n<p>Lisbeth Mej\u00eda Reyes\/Zona Roja.<\/p>\n\n\n\n<p>Oaxaca, Oax., a 24 de noviembre de 2025.- La Coordinadora Nacional de Trabajadores de la Educaci\u00f3n (CNTE) confirm\u00f3 este lunes que retomar\u00e1 la huelga nacional con un paro de 72 horas.&nbsp;<\/p>\n\n\n\n<p>Sin embargo, las fechas de la movilizaci\u00f3n nacional se definir\u00e1n despu\u00e9s de que realicen su campa\u00f1a informativa (brigadeo) en los diversos estados con presencia de la coordinadora.&nbsp;<\/p>\n\n\n\n<p>Este brigadeo ser\u00e1 en enero de 2026, explic\u00f3 sobre uno de los acuerdos de la Asamblea Nacional Representativa del 22 de noviembre.<\/p>\n\n\n\n<p>En conferencia de prensa virtual y con la presencia de las y los secretarios generales de cada secci\u00f3n, la CNTE tambi\u00e9n explic\u00f3 que ser\u00e1 en ese brigadeo en el que se acuerde el plan de acci\u00f3n.<\/p>\n\n\n\n<p>\u00abTodas las representaciones de la CNTE estar\u00e1n presentes en la Ciudad de M\u00e9xico en el marco de ese paro de 72 horas\u00bb, apunt\u00f3 Pedro Hern\u00e1ndez, secretario general de la Secci\u00f3n IX de la Ciudad de M\u00e9xico, al recordar que las demandas fundamentales son la abrogaci\u00f3n de la Ley del ISSSTE y de la Reforma Educativa. Adem\u00e1s de la atenci\u00f3n a las demandas propias de cada secci\u00f3n.<\/p>\n\n\n\n<p>Pedro Hern\u00e1ndez tambi\u00e9n record\u00f3 que en el paro de dos d\u00edas la CNTE se manifest\u00f3 en m\u00e1s de 20 entidades y que pese a la represi\u00f3n al llegar a Palacio Nacional se sostuvieron en lucha.<\/p>\n\n\n\n<p>A nombre de la CNTE, la secretaria General de la Secci\u00f3n 22 de Oaxaca, Yenny Araceli P\u00e9rez Mart\u00ednez, se\u00f1al\u00f3 que pese a los discursos el gobierno federal ha reprimido a la protesta social, pues as\u00ed lo vivieron en el paro de 48 horas en la Ciudad de M\u00e9xico los d\u00edas 13 y 14 de noviembre.<\/p>\n\n\n\n<p>\u00abLejos de escuchar al gobierno con un di\u00e1logo que ha pregonado desde Palacio Nacional nos encontramos con las vallas, con la polic\u00eda y el gas lacrim\u00f3geno\u00bb.<\/p>\n\n\n\n<p>Tambi\u00e9n rechaz\u00f3 los se\u00f1alamientos del gobierno federal al comparar su protesta como parte de la derecha y reiter\u00f3 que el actual gobierno es de continuidad neoliberal, pues mantiene leyes que afectan a las y los trabajadores del Estado.&nbsp;<\/p>\n\n\n\n<p>\u00abLa CNTE tiene sus propios principios, una independencia pol\u00edtica e ideol\u00f3gica y precisamente por eso estamos saliendo a luchar\u00bb, expres\u00f3 P\u00e9rez Mart\u00ednez, al reiterar que continuar\u00e1n en la lucha por los derechos independientemente del gobierno en turno.<\/p>\n\n\n\n<p>\u00abNo somos cuatro sino miles de maestras y maestros que salimos a luchar a nivel nacional\u00bb, apunt\u00f3.<\/p>\n\n\n\n<p>En la conferencia de prensa participaron las y los secretarios generales de las secciones de Zacatecas (34 y 58), Ciudad de M\u00e9xico (IX), Chiapas (VII), Michoac\u00e1n (XVIII), Oaxaca (XXII), Guerrero (XIV).<\/p>\n\n\n\n<p>Adem\u00e1s del brigadeo a realizarse en enero, la CNTE acord\u00f3 participar en diciembre y enero en los homenajes a Lucio Caba\u00f1as, Genaro V\u00e1zquez, Arturo G\u00e1miz Garc\u00eda y Misael Nu\u00f1ez, \u00edconos de la coordinadora.<\/p>\n\n\n\n<p>En febrero tendr\u00e1n una convenci\u00f3n de organizaciones sindicales de pensionados y jubilados en contra de las afores.<\/p>\n\n\n\n<p>Para este 25 de noviembre tambi\u00e9n se sumar\u00e1n a las movilizaciones por el D\u00eda Internacional de la Eliminaci\u00f3n de la Violencia contra las Mujeres y el 26 acompa\u00f1ar\u00e1n a los padres de los 43 en la acci\u00f3n global por Ayotzinapa.<\/p>\n","protected":false},"excerpt":{"rendered":"<p>Lisbeth Mej\u00eda Reyes\/Zona Roja. Oaxaca, Oax., a 24 de noviembre de 2025.- La Coordinadora Nacional&hellip;<\/p>\n","protected":false},"author":2,"featured_media":80731,"comment_status":"closed","ping_status":"open","sticky":false,"template":"","format":"standard","meta":{"_lmt_disableupdate":"","_lmt_disable":"","_jetpack_memberships_contains_paid_content":false,"footnotes":""},"categories":[109,47],"tags":[1283],"class_list":["post-87272","post","type-post","status-publish","format-standard","has-post-thumbnail","hentry","category-minuto-a-minuto","category-zona-gris","tag-coordinadora-nacional-de-trabajadores-de-la-educacion-cnte"],"jetpack_featured_media_url":"https:\/\/zonaroja.com.mx\/wp-content\/uploads\/2025\/05\/CNTE-Coordinadora-Nacional-.jpg","jetpack_sharing_enabled":true,"_links":{"self":[{"href":"https:\/\/zonaroja.com.mx\/index.php?rest_route=\/wp\/v2\/posts\/87272","targetHints":{"allow":["GET"]}}],"collection":[{"href":"https:\/\/zonaroja.com.mx\/index.php?rest_route=\/wp\/v2\/posts"}],"about":[{"href":"https:\/\/zonaroja.com.mx\/index.php?rest_route=\/wp\/v2\/types\/post"}],"author":[{"embeddable":true,"href":"https:\/\/zonaroja.com.mx\/index.php?rest_route=\/wp\/v2\/users\/2"}],"replies":[{"embeddable":true,"href":"https:\/\/zonaroja.com.mx\/index.php?rest_route=%2Fwp%2Fv2%2Fcomments&post=87272"}],"version-history":[{"count":1,"href":"https:\/\/zonaroja.com.mx\/index.php?rest_route=\/wp\/v2\/posts\/87272\/revisions"}],"predecessor-version":[{"id":87273,"href":"https:\/\/zonaroja.com.mx\/index.php?rest_route=\/wp\/v2\/posts\/87272\/revisions\/87273"}],"wp:featuredmedia":[{"embeddable":true,"href":"https:\/\/zonaroja.com.mx\/index.php?rest_route=\/wp\/v2\/media\/80731"}],"wp:attachment":[{"href":"https:\/\/zonaroja.com.mx\/index.php?rest_route=%2Fwp%2Fv2%2Fmedia&parent=87272"}],"wp:term":[{"taxonomy":"category","embeddable":true,"href":"https:\/\/zonaroja.com.mx\/index.php?rest_route=%2Fwp%2Fv2%2Fcategories&post=87272"},{"taxonomy":"post_tag","embeddable":true,"href":"https:\/\/zonaroja.com.mx\/index.php?rest_route=%2Fwp%2Fv2%2Ftags&post=87272"}],"curies":[{"name":"wp","href":"https:\/\/api.w.org\/{rel}","templated":true}]}}