{"id":87274,"date":"2025-11-25T07:15:00","date_gmt":"2025-11-25T13:15:00","guid":{"rendered":"https:\/\/zonaroja.com.mx\/?p=87274"},"modified":"2025-11-25T06:10:29","modified_gmt":"2025-11-25T12:10:29","slug":"25n-mujeres-indigenas-enfrentan-criminalizacion-y-desapariciones-forzadas","status":"publish","type":"post","link":"https:\/\/zonaroja.com.mx\/?p=87274","title":{"rendered":"25N: Mujeres ind\u00edgenas enfrentan criminalizaci\u00f3n y desapariciones forzadas"},"content":{"rendered":"\n<p>Lisbeth Mej\u00eda Reyes\/Zona Roja.<\/p>\n\n\n\n<p>Oaxaca, Oax., a 25 de noviembre de 2025.- Las mujeres ind\u00edgenas de Oaxaca a\u00fan enfrentan m\u00faltiples violencias y desaf\u00edos en varios \u00e1mbitos de sus vidas, coincidieron organizaciones sociales del estado ante embajadas y organismos internacionales.<\/p>\n\n\n\n<p>Falta de acceso a la justicia para las v\u00edctimas de feminicidios y un subregistro de estos casos, adem\u00e1s de m\u00faltiples agresiones en contra de mujeres defensoras son parte del contexto de violencia que persiste, explic\u00f3 Elizabeth Mosqueda, de la organizaci\u00f3n Consorcio para el Di\u00e1logo Parlamentario y la Equidad Oaxaca, en la reuni\u00f3n del pasado 19 de noviembre con representantes de las embajadas de Finlandia, Pa\u00edses Bajos, Noruega, Italia, Alemania, Canad\u00e1, Chile, Uruguay, Irlanda y Francia.<\/p>\n\n\n\n<p>El encuentro fue tambi\u00e9n con la Mesa de Cooperaci\u00f3n Internacional para la Igualdad de G\u00e9nero (MCIG, Organizaci\u00f3n Internacional del Trabajo (OIT), Oficina de Coordinaci\u00f3n Residente de la Oeganizaci\u00f3n de las Naciones Unidas (ONU) en M\u00e9xico y de ONU Mujeres.<\/p>\n\n\n\n<p>Previo al D\u00eda Internacional de la Eliminaci\u00f3n de la Violencia contra la Mujer, que se conmemora este 25 de noviembre, Consorcio y otras organizaciones tambi\u00e9n expusieron ante estas embajadas los desaf\u00edos y necesidades de las organizaciones oaxaque\u00f1as que trabajan por los derechos de las mujeres ind\u00edgenas.<\/p>\n\n\n\n<p>Flora Guti\u00e9rrez, de la Red Nacional de Abogadas Ind\u00edgenas explic\u00f3 que el estado oaxaque\u00f1o tiene una deuda con las mujeres del estado, pues mantiene bajo su cobijo a funcionarios que han sido denunciados por ejercer violencia de g\u00e9nero, como lo es Donato Vargas, coordinador de delegados de paz de la Secretar\u00eda de Gobierno.<\/p>\n\n\n\n<p>En relaci\u00f3n con este se\u00f1alamiento, la madre y hermana de la abogada y defensora Sandra Dom\u00ednguez, quien denunci\u00f3 violencia de g\u00e9nero, explicaron que su desaparici\u00f3n y asesinato siguen impunes.<\/p>\n\n\n\n<p>Del Centro de Derechos Ind\u00edgenas Flor y Canto, Beatriz Salinas explic\u00f3 que es vital la participaci\u00f3n de las mujeres ind\u00edgenas en la defensa del territorio. Sin embargo, esto tambi\u00e9n conlleva riesgos, como sucedi\u00f3 con la defensora mixteca Irma Galindo, quien fue desaparecida hace cuatro a\u00f1os.<\/p>\n\n\n\n<p>Otras organizaciones como el Grupo de Estudios sobre la Mujer Rosario Castellanos, el Fondo para la Paz, Colectivo Koxub, el Centro para los Derechos de la Mujer Naaxwiin y la defensora Yolanda P\u00e9rez Cruz tambi\u00e9n detallaron sobre los retos para la formaci\u00f3n y participaci\u00f3n de las mujeres ind\u00edgenas en sus comunidades, adem\u00e1s de los riesgos para las mujeres trans o la criminalizaci\u00f3n de las defensoras del Istmo de Tehuantepec.<\/p>\n","protected":false},"excerpt":{"rendered":"<p>Lisbeth Mej\u00eda Reyes\/Zona Roja. Oaxaca, Oax., a 25 de noviembre de 2025.- Las mujeres ind\u00edgenas&hellip;<\/p>\n","protected":false},"author":2,"featured_media":85004,"comment_status":"closed","ping_status":"open","sticky":false,"template":"","format":"standard","meta":{"_lmt_disableupdate":"","_lmt_disable":"","_jetpack_memberships_contains_paid_content":false,"footnotes":""},"categories":[109,47],"tags":[],"class_list":["post-87274","post","type-post","status-publish","format-standard","has-post-thumbnail","hentry","category-minuto-a-minuto","category-zona-gris"],"jetpack_featured_media_url":"https:\/\/zonaroja.com.mx\/wp-content\/uploads\/2025\/09\/Indigenas-mujeres-.jpg","jetpack_sharing_enabled":true,"_links":{"self":[{"href":"https:\/\/zonaroja.com.mx\/index.php?rest_route=\/wp\/v2\/posts\/87274","targetHints":{"allow":["GET"]}}],"collection":[{"href":"https:\/\/zonaroja.com.mx\/index.php?rest_route=\/wp\/v2\/posts"}],"about":[{"href":"https:\/\/zonaroja.com.mx\/index.php?rest_route=\/wp\/v2\/types\/post"}],"author":[{"embeddable":true,"href":"https:\/\/zonaroja.com.mx\/index.php?rest_route=\/wp\/v2\/users\/2"}],"replies":[{"embeddable":true,"href":"https:\/\/zonaroja.com.mx\/index.php?rest_route=%2Fwp%2Fv2%2Fcomments&post=87274"}],"version-history":[{"count":1,"href":"https:\/\/zonaroja.com.mx\/index.php?rest_route=\/wp\/v2\/posts\/87274\/revisions"}],"predecessor-version":[{"id":87275,"href":"https:\/\/zonaroja.com.mx\/index.php?rest_route=\/wp\/v2\/posts\/87274\/revisions\/87275"}],"wp:featuredmedia":[{"embeddable":true,"href":"https:\/\/zonaroja.com.mx\/index.php?rest_route=\/wp\/v2\/media\/85004"}],"wp:attachment":[{"href":"https:\/\/zonaroja.com.mx\/index.php?rest_route=%2Fwp%2Fv2%2Fmedia&parent=87274"}],"wp:term":[{"taxonomy":"category","embeddable":true,"href":"https:\/\/zonaroja.com.mx\/index.php?rest_route=%2Fwp%2Fv2%2Fcategories&post=87274"},{"taxonomy":"post_tag","embeddable":true,"href":"https:\/\/zonaroja.com.mx\/index.php?rest_route=%2Fwp%2Fv2%2Ftags&post=87274"}],"curies":[{"name":"wp","href":"https:\/\/api.w.org\/{rel}","templated":true}]}}