{"id":87280,"date":"2025-11-25T09:15:00","date_gmt":"2025-11-25T15:15:00","guid":{"rendered":"https:\/\/zonaroja.com.mx\/?p=87280"},"modified":"2025-11-25T06:29:44","modified_gmt":"2025-11-25T12:29:44","slug":"en-2026-gobierno-destinara-casi-5-mil-mdp-a-obras-y-programas-sociales","status":"publish","type":"post","link":"https:\/\/zonaroja.com.mx\/?p=87280","title":{"rendered":"En 2026, gobierno destinar\u00e1 casi 5 mil mdp a obras y programas sociales"},"content":{"rendered":"\n<p>Redacci\u00f3n\/Zona Roja.<\/p>\n\n\n\n<p>Oaxaca, Oax., a 25 de noviembre de 2025. El gobernador Salom\u00f3n Jara Cruz dio a conocer que la pol\u00edtica social de su gobierno se fortalecer\u00e1 en 2026, con la asignaci\u00f3n de un presupuesto hist\u00f3rico por cuatro mil 920 millones en programas sociales, en apoyo a mujeres, a la vivienda digna, j\u00f3venes y obras de infraestructura.<\/p>\n\n\n\n<p>\u201cTenemos programas sociales nuevos y vamos a incrementar el monto y el n\u00famero de beneficiarios en algunos de los ya existentes\u201d, afirm\u00f3 en conferencia de prensa.<\/p>\n\n\n\n<p>Desde Palacio de Gobierno, el titular del Poder Ejecutivo anunci\u00f3 que se ejercer\u00e1n recursos sin precedente en el campo por mil 350 millones de pesos, adem\u00e1s, se implementar\u00e1 el programa Vivienda Primavera que busca construir 10 mil hogares en los pr\u00f3ximos tres a\u00f1os, el cual iniciar\u00e1 con un presupuesto de 400 millones de pesos para dos mil hogares.<\/p>\n\n\n\n<p>En fortalecimiento a las emprendedoras, la estrategia cr\u00e9ditos a la palabra Mujer Primavera, incrementar\u00e1 sus montos de pr\u00e9stamos y cambiar\u00e1 su nombre a Tanda Primavera<\/p>\n\n\n\n<p>\u201cVamos a seguir destinando recursos para obras de infraestructura en todos los municipios. Vamos a seguir siendo el estado del sur sureste con m\u00e1s obras y m\u00e1s crecimiento. Vamos a seguir haciendo lo que nunca se hizo\u201d, expres\u00f3.<\/p>\n\n\n\n<p>PAQUETE ECON\u00d3MICO<\/p>\n\n\n\n<p>En su oportunidad, el titular de la Secretar\u00eda de Finanzas (Sefin), Farid Acevedo L\u00f3pez expres\u00f3 que como parte del Paquete Econ\u00f3mico para el Ejercicio Fiscal 2026, se tiene un presupuesto superior a los 108 mil millones de pesos&nbsp;<\/p>\n\n\n\n<p>Destac\u00f3 que se continuar\u00e1n con 29 est\u00edmulos en 15 dependencias, lo que impacta en un mill\u00f3n 644 mil millones de pesos que no entrar\u00e1 en las arcas estatales.<\/p>\n\n\n\n<p>Los servicios b\u00e1sicos tendr\u00e1n cobertura presupuestaria de acuerdo a las necesidades presentadas en 2025.<\/p>\n\n\n\n<p>Asimismo, se proyectan mil 200 millones de pesos de aportaci\u00f3n extraordinaria al Fondo de Pensiones para 2026; y se prev\u00e9 la contrataci\u00f3n de un seguro contra riesgos catastr\u00f3ficos por 140 millones de pesos.<\/p>\n\n\n\n<p>Con la finalidad de que al t\u00e9rmino de la actual administraci\u00f3n las y los integrantes de los cuerpos de seguridad perciban un salario de 15 mil pesos netos, para el ejercicio fiscal 2026 se proyecta un incremento del 7.1 por ciento con respecto al sueldo bruto, el cual ser\u00e1 aplicado al concepto del haber.<\/p>\n\n\n\n<figure class=\"wp-block-embed is-type-rich is-provider-twitter wp-block-embed-twitter\"><div class=\"wp-block-embed__wrapper\">\n<div class=\"twitter-tweet\"><blockquote class=\"twitter-tweet\" data-lang=\"es\"><p lang=\"es\" dir=\"ltr\">Y esta es la amplia exposici\u00f3n que hizo el titular de la <a href=\"https:\/\/twitter.com\/SEFINGobOax?ref_src=twsrc%5Etfw\">@SEFINGobOax<\/a>, <a href=\"https:\/\/twitter.com\/Farid_AcevedoL?ref_src=twsrc%5Etfw\">@Farid_AcevedoL<\/a>, del proyecto de Presupuesto de Egresos 2026 y la forma en que de prev\u00e9 gastar; en la conferencia de prensa del gobernador <a href=\"https:\/\/twitter.com\/salomonj?ref_src=twsrc%5Etfw\">@salomonj<\/a>, detall\u00f3 los incrementos que habr\u00e1 en varios rubros. <a href=\"https:\/\/t.co\/fQGCY98cMW\">pic.twitter.com\/fQGCY98cMW<\/a><\/p>&mdash; Zona Roja Oaxaca (@ZonaRoja_Oaxaca) <a href=\"https:\/\/twitter.com\/ZonaRoja_Oaxaca\/status\/1993029210315846095?ref_src=twsrc%5Etfw\">24 de noviembre de 2025<\/a><\/blockquote><\/div>\n<\/div><\/figure>\n","protected":false},"excerpt":{"rendered":"<p>Redacci\u00f3n\/Zona Roja. Oaxaca, Oax., a 25 de noviembre de 2025. El gobernador Salom\u00f3n Jara Cruz&hellip;<\/p>\n","protected":false},"author":2,"featured_media":87281,"comment_status":"closed","ping_status":"open","sticky":false,"template":"","format":"standard","meta":{"_lmt_disableupdate":"","_lmt_disable":"","_jetpack_memberships_contains_paid_content":false,"footnotes":""},"categories":[109,46],"tags":[939],"class_list":["post-87280","post","type-post","status-publish","format-standard","has-post-thumbnail","hentry","category-minuto-a-minuto","category-zona-blanca","tag-salomon-jara-cruz"],"jetpack_featured_media_url":"https:\/\/zonaroja.com.mx\/wp-content\/uploads\/2025\/11\/GOBERNADOR-CONFERENCIA-2.jpeg","jetpack_sharing_enabled":true,"_links":{"self":[{"href":"https:\/\/zonaroja.com.mx\/index.php?rest_route=\/wp\/v2\/posts\/87280","targetHints":{"allow":["GET"]}}],"collection":[{"href":"https:\/\/zonaroja.com.mx\/index.php?rest_route=\/wp\/v2\/posts"}],"about":[{"href":"https:\/\/zonaroja.com.mx\/index.php?rest_route=\/wp\/v2\/types\/post"}],"author":[{"embeddable":true,"href":"https:\/\/zonaroja.com.mx\/index.php?rest_route=\/wp\/v2\/users\/2"}],"replies":[{"embeddable":true,"href":"https:\/\/zonaroja.com.mx\/index.php?rest_route=%2Fwp%2Fv2%2Fcomments&post=87280"}],"version-history":[{"count":1,"href":"https:\/\/zonaroja.com.mx\/index.php?rest_route=\/wp\/v2\/posts\/87280\/revisions"}],"predecessor-version":[{"id":87282,"href":"https:\/\/zonaroja.com.mx\/index.php?rest_route=\/wp\/v2\/posts\/87280\/revisions\/87282"}],"wp:featuredmedia":[{"embeddable":true,"href":"https:\/\/zonaroja.com.mx\/index.php?rest_route=\/wp\/v2\/media\/87281"}],"wp:attachment":[{"href":"https:\/\/zonaroja.com.mx\/index.php?rest_route=%2Fwp%2Fv2%2Fmedia&parent=87280"}],"wp:term":[{"taxonomy":"category","embeddable":true,"href":"https:\/\/zonaroja.com.mx\/index.php?rest_route=%2Fwp%2Fv2%2Fcategories&post=87280"},{"taxonomy":"post_tag","embeddable":true,"href":"https:\/\/zonaroja.com.mx\/index.php?rest_route=%2Fwp%2Fv2%2Ftags&post=87280"}],"curies":[{"name":"wp","href":"https:\/\/api.w.org\/{rel}","templated":true}]}}