{"id":87283,"date":"2025-11-25T10:15:00","date_gmt":"2025-11-25T16:15:00","guid":{"rendered":"https:\/\/zonaroja.com.mx\/?p=87283"},"modified":"2025-11-25T06:37:12","modified_gmt":"2025-11-25T12:37:12","slug":"llevan-todo-en-uno-programa-de-la-fiscalia-a-mercados-de-la-ciudad","status":"publish","type":"post","link":"https:\/\/zonaroja.com.mx\/?p=87283","title":{"rendered":"Llevan \u201cTodo en Uno\u201d, programa de la Fiscal\u00eda, a mercados de la ciudad"},"content":{"rendered":"\n<p>Redacci\u00f3n\/Zona Roja.<\/p>\n\n\n\n<p>Oaxaca, Oax., a 25 de noviembre de 2025.- Con el objetivo de fortalecer la seguridad y brindar atenci\u00f3n inmediata ante situaciones de riesgo, el gobierno municipal de Oaxaca de Ju\u00e1rez por medio de la Secretar\u00eda de Gobierno y Territorio y la Direcci\u00f3n de Mercados, en coordinaci\u00f3n con la Fiscal\u00eda General del Estado de Oaxaca (FGEO), recorri\u00f3 los 14 mercados de la capital, as\u00ed como el jard\u00edn S\u00f3crates y el kiosco, para informar oportunamente a comerciantes el programa \u201cTodo en Uno\u201d.&nbsp;<\/p>\n\n\n\n<p>Durante este encuentro, representantes de la FGEO explicaron el funcionamiento de la plataforma digital, cuya funci\u00f3n es centralizar la atenci\u00f3n ciudadana a trav\u00e9s de canales accesibles como WhatsApp, permitiendo una comunicaci\u00f3n directa, profesional y oportuna entre la ciudadan\u00eda y las autoridades.<\/p>\n\n\n\n<p>El proyecto \u201cTodo en Uno\u201d ofrece atenci\u00f3n cercana y profesional, canalizaci\u00f3n directa a \u00e1reas especializadas y tiene respuesta las 24 horas y los siete d\u00edas de la semana.<\/p>\n\n\n\n<p>Este esfuerzo interinstitucional busca fomentar la cultura de la denuncia, mejorar la seguridad en espacios p\u00fablicos y garantizar un entorno ordenado para las y los comerciantes, as\u00ed como para las y los consumidores que visitan diariamente este importante punto comercial de la capital.<\/p>\n\n\n\n<p>Con estas acciones, el ayuntamiento de Oaxaca, encabezado por el presidente Ray Chagoya, reafirma su compromiso de trabajar de la mano con las autoridades estatales, para fortalecer la paz y el orden en estas zonas clave para la econom\u00eda local.<\/p>\n","protected":false},"excerpt":{"rendered":"<p>Redacci\u00f3n\/Zona Roja. Oaxaca, Oax., a 25 de noviembre de 2025.- Con el objetivo de fortalecer&hellip;<\/p>\n","protected":false},"author":2,"featured_media":87285,"comment_status":"closed","ping_status":"open","sticky":false,"template":"","format":"standard","meta":{"_lmt_disableupdate":"","_lmt_disable":"","_jetpack_memberships_contains_paid_content":false,"footnotes":""},"categories":[109,46],"tags":[148],"class_list":["post-87283","post","type-post","status-publish","format-standard","has-post-thumbnail","hentry","category-minuto-a-minuto","category-zona-blanca","tag-oaxaca-de-juarez"],"jetpack_featured_media_url":"https:\/\/zonaroja.com.mx\/wp-content\/uploads\/2025\/11\/Fiscalia-programa-mercados-ciudad-de-Oaxaca.jpg","jetpack_sharing_enabled":true,"_links":{"self":[{"href":"https:\/\/zonaroja.com.mx\/index.php?rest_route=\/wp\/v2\/posts\/87283","targetHints":{"allow":["GET"]}}],"collection":[{"href":"https:\/\/zonaroja.com.mx\/index.php?rest_route=\/wp\/v2\/posts"}],"about":[{"href":"https:\/\/zonaroja.com.mx\/index.php?rest_route=\/wp\/v2\/types\/post"}],"author":[{"embeddable":true,"href":"https:\/\/zonaroja.com.mx\/index.php?rest_route=\/wp\/v2\/users\/2"}],"replies":[{"embeddable":true,"href":"https:\/\/zonaroja.com.mx\/index.php?rest_route=%2Fwp%2Fv2%2Fcomments&post=87283"}],"version-history":[{"count":1,"href":"https:\/\/zonaroja.com.mx\/index.php?rest_route=\/wp\/v2\/posts\/87283\/revisions"}],"predecessor-version":[{"id":87286,"href":"https:\/\/zonaroja.com.mx\/index.php?rest_route=\/wp\/v2\/posts\/87283\/revisions\/87286"}],"wp:featuredmedia":[{"embeddable":true,"href":"https:\/\/zonaroja.com.mx\/index.php?rest_route=\/wp\/v2\/media\/87285"}],"wp:attachment":[{"href":"https:\/\/zonaroja.com.mx\/index.php?rest_route=%2Fwp%2Fv2%2Fmedia&parent=87283"}],"wp:term":[{"taxonomy":"category","embeddable":true,"href":"https:\/\/zonaroja.com.mx\/index.php?rest_route=%2Fwp%2Fv2%2Fcategories&post=87283"},{"taxonomy":"post_tag","embeddable":true,"href":"https:\/\/zonaroja.com.mx\/index.php?rest_route=%2Fwp%2Fv2%2Ftags&post=87283"}],"curies":[{"name":"wp","href":"https:\/\/api.w.org\/{rel}","templated":true}]}}