{"id":87287,"date":"2025-11-25T11:15:00","date_gmt":"2025-11-25T17:15:00","guid":{"rendered":"https:\/\/zonaroja.com.mx\/?p=87287"},"modified":"2025-11-25T06:40:04","modified_gmt":"2025-11-25T12:40:04","slug":"cada-dia-una-mujer-menos-los-feminicidios-en-latinoamerica","status":"publish","type":"post","link":"https:\/\/zonaroja.com.mx\/?p=87287","title":{"rendered":"Cada d\u00eda una mujer menos: los feminicidios en Latinoam\u00e9rica"},"content":{"rendered":"\n<p>Redacci\u00f3n\/Zona Roja Cdmx.<\/p>\n\n\n\n<p>(Informaci\u00f3n de DW en Espa\u00f1ol)<\/p>\n\n\n\n<p>Ciudad de M\u00e9xico, a 25 de noviembre de 2025.- Estela Velarde, de 45 a\u00f1os, fue asesinada en la provincia argentina de Salta por su esposo, que la atac\u00f3 con un pico de construcci\u00f3n dentro de la casa familiar, frente a una de sus hijas.&nbsp;<\/p>\n\n\n\n<p>En Costa Rica, Raquel Arroyo Aguilar, de 41 a\u00f1os, muri\u00f3 despu\u00e9s de que su marido \u2015m\u00e9dico\u2015 le aplicara sedantes que le provocaron la muerte, mientras sus hijos, menores, estaban en la vivienda.&nbsp;<\/p>\n\n\n\n<p>Son apenas dos de los casos que recibieron sentencia firme en los \u00faltimos meses, en una regi\u00f3n donde se registran miles de femicidios cada a\u00f1o.<\/p>\n\n\n\n<p>Seg\u00fan cifras de la Comisi\u00f3n Econ\u00f3mica para Am\u00e9rica Latina y el Caribe (CEPAL), en 2023 \u2015el \u00faltimo a\u00f1o para el cual la mayor\u00eda de los pa\u00edses de la regi\u00f3n report\u00f3 datos completos\u2015, al menos tres mil 897 mujeres fueron v\u00edctimas de femicidio&nbsp;(en muchos pa\u00edses llamado tambi\u00e9n feminicidio) en Am\u00e9rica Latina y el Caribe. Se registraron 11 por d\u00eda. M\u00e1s del 65% fueron perpetrados por parejas o exparejas de las v\u00edctimas.<\/p>\n\n\n\n<p>\u00abPero las cifras son mujeres asesinadas por femicidas, no son n\u00fameros\u00bb, humaniza las estad\u00edsticas la activista argentina Silvina Molina, en di\u00e1logo con DW, \u00abson cifras para dimensionar una realidad de miles de mujeres que han sido asesinadas por un hombre, y de familias que se han quedado sin su mujer amada y, en la mayor\u00eda de los casos, desprotegidas por el Estado\u00bb, indica.<\/p>\n\n\n\n<p>VIOLENCIA COMO S\u00cdNTOMA<\/p>\n\n\n\n<p>Yamila Gonz\u00e1lez Ferrer \u2015experta del Comit\u00e9 para la Eliminaci\u00f3n de la Discriminaci\u00f3n contra la Mujer de Naciones Unidas (CEDAW) y profesora titular de la Facultad de Derecho de la Universidad de La Habana\u2015 se\u00f1ala en entrevista con DW que \u00abla violencia hacia las mujeres y las ni\u00f1as tiene causas m\u00faltiples, pero, sobre todo, est\u00e1 asentada en la desigualdad estructural que genera el sistema patriarcal, una ideolog\u00eda que durante siglos se ha consolidado en las sociedades latinoamericanas y caribe\u00f1as\u00bb.<\/p>\n\n\n\n<p>A\u00f1ade que \u00abel mandato de control masculino sobre los cuerpos y las vidas de las mujeres sigue profundamente naturalizado, y esa idea de posesi\u00f3n es un factor que alimenta muchas de las violencias m\u00e1s extremas\u00bb.<\/p>\n\n\n\n<p>En este sentido, la investigadora&nbsp;venezolana Magdymar Le\u00f3n, sostiene que \u00abno se trata de casos aislados\u00bb. Por el contrario, afirma que \u00abestas violencias responden a din\u00e1micas donde se entrelazan distintos factores: mandatos de masculinidad que legitiman el control sobre las mujeres (incluida la romantizaci\u00f3n de los celos y del sufrimiento), desigualdades econ\u00f3micas y cargas de cuidado que dificultan salir de relaciones abusivas\u00bb.<\/p>\n\n\n\n<p>A esto se suman la impunidad, una justicia que suele llegar tarde y sin perspectiva de g\u00e9nero \u2015enviando un mensaje de &#8216;no pasa nada&#8217;\u2015, y los fundamentalismos religiosos que buscan frenar o revertir derechos, sostiene Le\u00f3n. Tambi\u00e9n inciden el peso del crimen organizado y la presencia de armas en muchos territorios. \u00abTodo lo cual, crea un escenario que vuelve a las mujeres m\u00e1s vulnerables y a los agresores, m\u00e1s impunes\u00bb, resume a este medio la profesora de la Maestr\u00eda en Estudios de la Mujer de la Universidad Central de Venezuela.<\/p>\n\n\n\n<p>DIAGN\u00d3STICO QUE TRASCIENDE<\/p>\n\n\n\n<p>A su vez, \u00abla violencia contra las mujeres se manifiesta de m\u00faltiples maneras \u2015f\u00edsica, sexual, psicol\u00f3gica, econ\u00f3mica, digital y pol\u00edtica\u2015\u00bb, puntualiza Adriana Qui\u00f1ones, jefa de Derechos Humanos y No Discriminaci\u00f3n de ONU Mujeres, consultada por DW.<\/p>\n\n\n\n<p>\u00abLa regi\u00f3n \u2015remarca la experta\u2015 sigue mostrando niveles letales elevados, con algunas de las cifras de femicidios m\u00e1s altas del mundo\u201d.<\/p>\n\n\n\n<p>\u00abPero la violencia no afecta a todas por igual: se agrava por factores de interseccionalidad, como el color de la piel, la edad, la situaci\u00f3n econ\u00f3mica o la discapacidad, que amplifican la discriminaci\u00f3n y las agresiones\u00bb, indica Gonz\u00e1lez Ferrer.<\/p>\n\n\n\n<p>ENTORNO DIGITAL<\/p>\n\n\n\n<p>En tanto, Patsil\u00ed Toledo, experta&nbsp;chilena del comit\u00e9 CEDAW, advierte que, en los \u00faltimos a\u00f1os, las tecnolog\u00edas se han convertido en una \u00abcaja de resonancia\u00bb&nbsp;para discursos que banalizan o justifican la violencia contra las mujeres.<\/p>\n\n\n\n<p>Y se\u00f1ala que en ese entorno ha crecido la llamada manosfera: espacios en l\u00ednea centrados en la supremac\u00eda masculina, donde circulan contenidos abiertamente mis\u00f3ginos. \u00abEse ecosistema amplifica mensajes violentos y les da una audiencia cada vez mayor\u00bb, dice a este medio.<\/p>\n\n\n\n<p>AVANCES Y DESAF\u00cdOS<\/p>\n\n\n\n<p>Ahora bien, \u00bfcu\u00e1les son las tendencias que se observan en la regi\u00f3n? Seg\u00fan Gonz\u00e1lez Ferrer, se advierte \u00abun aumento de la visibilidad y de la denuncia hacia las m\u00faltiples formas de violencia, m\u00e1s leyes y m\u00e1s mecanismos de protecci\u00f3n, aunque su aplicaci\u00f3n es desigual y tambi\u00e9n se enfrentan graves problemas presupuestarios\u00bb. Le\u00f3n coincide en que \u00abconviven avances normativos con un fuerte retroceso pol\u00edtico\u00bb, lo que dificulta consolidar transformaciones de largo plazo.<\/p>\n\n\n\n<p>Por su parte, Qui\u00f1ones se\u00f1ala que \u00ablas tradiciones que oprimen a mujeres y ni\u00f1as deben quedar en el pasado, pero erradicarlas exige voluntad pol\u00edtica y cultural\u00bb, y advierte que \u00ablas conquistas de derechos enfrentan en la actualidad ataques ideol\u00f3gicos y falta de recursos\u201d.<\/p>\n\n\n\n<p>As\u00ed las cosas, para Molina, la urgencia es ineludible: \u00abnecesitamos seguir hablando de este tema, porque si no, no lo vamos a solucionar\u201d.<\/p>\n","protected":false},"excerpt":{"rendered":"<p>Redacci\u00f3n\/Zona Roja Cdmx. (Informaci\u00f3n de DW en Espa\u00f1ol) Ciudad de M\u00e9xico, a 25 de noviembre&hellip;<\/p>\n","protected":false},"author":2,"featured_media":79417,"comment_status":"closed","ping_status":"open","sticky":false,"template":"","format":"standard","meta":{"_lmt_disableupdate":"","_lmt_disable":"","_jetpack_memberships_contains_paid_content":false,"footnotes":""},"categories":[109,47],"tags":[],"class_list":["post-87287","post","type-post","status-publish","format-standard","has-post-thumbnail","hentry","category-minuto-a-minuto","category-zona-gris"],"jetpack_featured_media_url":"https:\/\/zonaroja.com.mx\/wp-content\/uploads\/2025\/04\/Feminicidio-asesinato-mujer.jpg.avif","jetpack_sharing_enabled":true,"_links":{"self":[{"href":"https:\/\/zonaroja.com.mx\/index.php?rest_route=\/wp\/v2\/posts\/87287","targetHints":{"allow":["GET"]}}],"collection":[{"href":"https:\/\/zonaroja.com.mx\/index.php?rest_route=\/wp\/v2\/posts"}],"about":[{"href":"https:\/\/zonaroja.com.mx\/index.php?rest_route=\/wp\/v2\/types\/post"}],"author":[{"embeddable":true,"href":"https:\/\/zonaroja.com.mx\/index.php?rest_route=\/wp\/v2\/users\/2"}],"replies":[{"embeddable":true,"href":"https:\/\/zonaroja.com.mx\/index.php?rest_route=%2Fwp%2Fv2%2Fcomments&post=87287"}],"version-history":[{"count":1,"href":"https:\/\/zonaroja.com.mx\/index.php?rest_route=\/wp\/v2\/posts\/87287\/revisions"}],"predecessor-version":[{"id":87288,"href":"https:\/\/zonaroja.com.mx\/index.php?rest_route=\/wp\/v2\/posts\/87287\/revisions\/87288"}],"wp:featuredmedia":[{"embeddable":true,"href":"https:\/\/zonaroja.com.mx\/index.php?rest_route=\/wp\/v2\/media\/79417"}],"wp:attachment":[{"href":"https:\/\/zonaroja.com.mx\/index.php?rest_route=%2Fwp%2Fv2%2Fmedia&parent=87287"}],"wp:term":[{"taxonomy":"category","embeddable":true,"href":"https:\/\/zonaroja.com.mx\/index.php?rest_route=%2Fwp%2Fv2%2Fcategories&post=87287"},{"taxonomy":"post_tag","embeddable":true,"href":"https:\/\/zonaroja.com.mx\/index.php?rest_route=%2Fwp%2Fv2%2Ftags&post=87287"}],"curies":[{"name":"wp","href":"https:\/\/api.w.org\/{rel}","templated":true}]}}