{"id":87292,"date":"2025-11-25T10:44:00","date_gmt":"2025-11-25T16:44:00","guid":{"rendered":"https:\/\/zonaroja.com.mx\/?p=87292"},"modified":"2025-11-25T07:08:24","modified_gmt":"2025-11-25T13:08:24","slug":"paro-y-bloqueo-de-transportistas-afecto-a-medio-pais","status":"publish","type":"post","link":"https:\/\/zonaroja.com.mx\/?p=87292","title":{"rendered":"Paro y bloqueo de transportistas afect\u00f3 a medio pa\u00eds"},"content":{"rendered":"\n<p>Redacci\u00f3n\/Zona Roja Cdmx.<\/p>\n\n\n\n<p>(Con informaci\u00f3n de \u201cLa Jornada\u201d)<\/p>\n\n\n\n<p>Ciudad de M\u00e9xico, a 25 de noviembre de 2025.- La jornada de protestas de transportistas se realiz\u00f3 ayer en 17 estados del pa\u00eds, donde se contabilizaron 29 bloqueos.&nbsp;<\/p>\n\n\n\n<p>De \u00e9stos, 17 fueron en carreteras federales y los 12 restantes en estatales. A la vez, 17 fueron \u201ccierres totales\u201d y 12 parciales. Tambi\u00e9n fue cerrada una aduana y tres casetas, inform\u00f3 la Secretar\u00eda de Gobernaci\u00f3n (Segob).<\/p>\n\n\n\n<p>La dependencia se\u00f1al\u00f3 que las manifestaciones generaron \u201cafectaciones a la ciudadan\u00eda en sus actividades laborales, acad\u00e9micas, de salud, abasto y movilidad\u201d. Revel\u00f3 que \u201cs\u00f3lo se manifest\u00f3 una agrupaci\u00f3n transportista, mientras el resto, que est\u00e1 en pl\u00e1ticas, se deslind\u00f3 de las movilizaciones\u201d.<\/p>\n\n\n\n<p>Por medio de un comunicado, la Segob reiter\u00f3 que \u201cno hab\u00eda motivo para llevar a cabo este tipo de acciones, puesto que el Gobierno de M\u00e9xico siempre tiene abierta la mesa de atenci\u00f3n para escuchar y recibir las demandas sociales\u201d, como lo expres\u00f3 por la ma\u00f1ana la titular de la dependencia, Rosa Icela Rodr\u00edguez. &nbsp;<\/p>\n\n\n\n<p>La movilizaci\u00f3n fue para recriminar al gobierno federal la desatenci\u00f3n de sus respectivas demandas: por un lado, el abandono al campo, la falta de apoyos para subsanar la ca\u00edda de precios provocada por las importaciones y su rechazo a la Ley de Aguas que propone el gobierno federal.<\/p>\n\n\n\n<p>Por otro, la inseguridad que prevalece en los caminos, donde a diario los conductores son v\u00edctimas de asaltos, extorsiones y homicidios cometidos por grupos criminales, y en algunos casos, por elementos de corporaciones policiacas.<\/p>\n\n\n\n<p>Las protestas, que desquiciaron el tr\u00e1nsito en diversas regiones durante horas, fueron convocadas por el Frente Nacional para el Rescate del Campo Mexicano (FNRC), el Movimiento Agr\u00edcola Campesino y la Asociaci\u00f3n Nacional de Transportistas.<\/p>\n\n\n\n<p>MOTIVOS POL\u00cdTICOS<\/p>\n\n\n\n<p>En conferencia de prensa en la sede de la Segob, Rosa Icela Rodr\u00edguez afirm\u00f3 que dirigentes de las agrupaciones que iniciaron la manifestaci\u00f3n tambi\u00e9n son integrantes de los partidos Revolucionario Institucional (PRI), Acci\u00f3n Nacional (PAN) y de la Revoluci\u00f3n Democr\u00e1tica (PRD).<\/p>\n\n\n\n<p>Adem\u00e1s, muchos de ellos tienen carpetas de investigaci\u00f3n en su contra desde hace varios a\u00f1os, as\u00ed como \u201ctoda una historia de bloqueo de carreteras, de tomas de casetas\u201d.<\/p>\n\n\n\n<p>\u201cSi ya est\u00e1n caminando los acuerdos y las demandas est\u00e1n siendo atendidas, \u00bfqu\u00e9 hay detr\u00e1s? pues ellos, aparte de ser l\u00edderes del campo, pertenecen a partidos pol\u00edticos: al PRI, al PAN y al PRD, claramente, ellos tienen una historia pol\u00edtica\u201d, expuso la funcionaria federal.<\/p>\n","protected":false},"excerpt":{"rendered":"<p>Redacci\u00f3n\/Zona Roja Cdmx. (Con informaci\u00f3n de \u201cLa Jornada\u201d) Ciudad de M\u00e9xico, a 25 de noviembre&hellip;<\/p>\n","protected":false},"author":2,"featured_media":87293,"comment_status":"closed","ping_status":"open","sticky":false,"template":"","format":"standard","meta":{"_lmt_disableupdate":"","_lmt_disable":"","_jetpack_memberships_contains_paid_content":false,"footnotes":""},"categories":[109,47],"tags":[],"class_list":["post-87292","post","type-post","status-publish","format-standard","has-post-thumbnail","hentry","category-minuto-a-minuto","category-zona-gris"],"jetpack_featured_media_url":"https:\/\/zonaroja.com.mx\/wp-content\/uploads\/2025\/11\/Paro-de-transportistas-en-el-pais.jpg","jetpack_sharing_enabled":true,"_links":{"self":[{"href":"https:\/\/zonaroja.com.mx\/index.php?rest_route=\/wp\/v2\/posts\/87292","targetHints":{"allow":["GET"]}}],"collection":[{"href":"https:\/\/zonaroja.com.mx\/index.php?rest_route=\/wp\/v2\/posts"}],"about":[{"href":"https:\/\/zonaroja.com.mx\/index.php?rest_route=\/wp\/v2\/types\/post"}],"author":[{"embeddable":true,"href":"https:\/\/zonaroja.com.mx\/index.php?rest_route=\/wp\/v2\/users\/2"}],"replies":[{"embeddable":true,"href":"https:\/\/zonaroja.com.mx\/index.php?rest_route=%2Fwp%2Fv2%2Fcomments&post=87292"}],"version-history":[{"count":1,"href":"https:\/\/zonaroja.com.mx\/index.php?rest_route=\/wp\/v2\/posts\/87292\/revisions"}],"predecessor-version":[{"id":87294,"href":"https:\/\/zonaroja.com.mx\/index.php?rest_route=\/wp\/v2\/posts\/87292\/revisions\/87294"}],"wp:featuredmedia":[{"embeddable":true,"href":"https:\/\/zonaroja.com.mx\/index.php?rest_route=\/wp\/v2\/media\/87293"}],"wp:attachment":[{"href":"https:\/\/zonaroja.com.mx\/index.php?rest_route=%2Fwp%2Fv2%2Fmedia&parent=87292"}],"wp:term":[{"taxonomy":"category","embeddable":true,"href":"https:\/\/zonaroja.com.mx\/index.php?rest_route=%2Fwp%2Fv2%2Fcategories&post=87292"},{"taxonomy":"post_tag","embeddable":true,"href":"https:\/\/zonaroja.com.mx\/index.php?rest_route=%2Fwp%2Fv2%2Ftags&post=87292"}],"curies":[{"name":"wp","href":"https:\/\/api.w.org\/{rel}","templated":true}]}}