{"id":87297,"date":"2025-11-25T14:15:00","date_gmt":"2025-11-25T20:15:00","guid":{"rendered":"https:\/\/zonaroja.com.mx\/?p=87297"},"modified":"2025-11-25T07:16:57","modified_gmt":"2025-11-25T13:16:57","slug":"detienen-a-presunto-reclutador-de-sicarios-que-asesinaron-a-carlos-manzo","status":"publish","type":"post","link":"https:\/\/zonaroja.com.mx\/?p=87297","title":{"rendered":"Detienen a presunto reclutador de sicarios que asesinaron a Carlos Manzo"},"content":{"rendered":"\n<p>Redacci\u00f3n\/Zona Roja Cdmx.<\/p>\n\n\n\n<p>(Informaci\u00f3n de \u201cEl Financiero\u201d)<\/p>\n\n\n\n<p>Ciudad de M\u00e9xico, a 25 de noviembre de 2025.- Autoridades federales detuvieron en Uruapan, Michoac\u00e1n, a Jaciel Antonio \u2018N\u2019, \u2018El Pel\u00f3n\u2019, reclutador de personas de centros de rehabilitaci\u00f3n para adicciones, a quienes se usaba como sicariato y distribuci\u00f3n de droga en la entidad.<\/p>\n\n\n\n<p>\u2018El Pel\u00f3n\u2019, de 36 a\u00f1os, es quien reclut\u00f3 a V\u00edctor Manuel Ubaldo Vidales y Fernando Josu\u00e9 Leal Aceves, ambos ya asesinados, quienes son identificados como las personas que participaron activamente en el homicidio de Carlos Alberto Manzo Rodr\u00edguez.<\/p>\n\n\n\n<p>Omar Garc\u00eda Harfuch, titular de la Secretar\u00eda de Seguridad y Protecci\u00f3n Ciudadana (SSPC) fue quien hizo el anuncio a trav\u00e9s de sus redes sociales.<\/p>\n\n\n\n<p>\u201cEn Uruapan, como parte del Plan Michoac\u00e1n por la Paz y la Justicia, elementos de @Defensamx1, @SEMAR_mx, @FGRMexico, @GN_MEXICO_ y @SSPCMexico, en coordinaci\u00f3n con @FiscaliaMich y @SSeguridad_Mich, detuvieron a Jaciel Antonio \u2018N\u2019, identificado como reclutador de personas en centros de rehabilitaci\u00f3n para integrarlas a c\u00e9lulas delictivas\u201d dijo el funcionario.<\/p>\n\n\n\n<p>\u201cLabores de investigaci\u00f3n se\u00f1alan a Jaciel Antonio \u2018N\u2019 como responsable de reclutar a dos personas que participaron en el homicidio de Carlos Manzo. Seguimos trabajando de manera coordinada para combatir la impunidad y detener a todos los responsables de este crimen\u201d, agreg\u00f3.<\/p>\n\n\n\n<p>LOS DETENIDOS<\/p>\n\n\n\n<p>Tras el homicidio del alcalde de Uruapan, Carlos Manzo Rodr\u00edguez, el 1 de noviembre pasado, las autoridades de Michoac\u00e1n han detenido a varios implicados en su asesinato, seg\u00fan reportes oficiales.<\/p>\n\n\n\n<p>La Fiscal\u00eda General del Estado confirm\u00f3 la aprehensi\u00f3n de siete escoltas del alcalde, quienes formaban parte de su c\u00edrculo m\u00e1s cercano de seguridad.<\/p>\n\n\n\n<p>Estos elementos son investigados por posible homicidio agravado por omisi\u00f3n, al no haber impedido el ataque ni garantizar la integridad de Manzo.<\/p>\n\n\n\n<p>Asimismo, fue detenido Jorge Armando \u2018N\u2019, alias \u2018El Licenciado\u2019, se\u00f1alado como el principal autor intelectual del crimen.<\/p>\n\n\n\n<p>Seg\u00fan la fiscal\u00eda, operaba bajo las \u00f3rdenes de Ram\u00f3n \u00c1ngel \u00c1lvarez Ayala, \u2018El R1\u2032, l\u00edder regional del C\u00e1rtel Jalisco Nueva Generaci\u00f3n (CJNG).<\/p>\n\n\n\n<p>En tanto, se investiga la muerte de V\u00edctor Manuel Ubaldo Vidales, de 17 a\u00f1os, identificado como agresor material. Aunque fue detenido tras el asesinato, fue abatido poco despu\u00e9s en un forcejeo con la escolta del alcalde, lo que ha abierto otra l\u00ednea de investigaci\u00f3n.<\/p>\n\n\n\n<p>Tambi\u00e9n fueron identificados otros dos implicados, Fernando Josu\u00e9 \u2018N\u2019 y Ramiro \u2018N\u2019, quienes habr\u00edan colaborado en la log\u00edstica del ataque; ambos fueron hallados muertos en la v\u00eda Uruapan\u2013Paracho.<\/p>\n\n\n\n<p>Las indagatorias permanecen abiertas y las autoridades advierten que podr\u00eda haber m\u00e1s detenciones conforme se profundice la investigaci\u00f3n.<\/p>\n","protected":false},"excerpt":{"rendered":"<p>Redacci\u00f3n\/Zona Roja Cdmx. (Informaci\u00f3n de \u201cEl Financiero\u201d) Ciudad de M\u00e9xico, a 25 de noviembre de&hellip;<\/p>\n","protected":false},"author":2,"featured_media":87298,"comment_status":"closed","ping_status":"open","sticky":false,"template":"","format":"standard","meta":{"_lmt_disableupdate":"","_lmt_disable":"","_jetpack_memberships_contains_paid_content":false,"footnotes":""},"categories":[109,47],"tags":[507],"class_list":["post-87297","post","type-post","status-publish","format-standard","has-post-thumbnail","hentry","category-minuto-a-minuto","category-zona-gris","tag-uruapan-michoacan-2"],"jetpack_featured_media_url":"https:\/\/zonaroja.com.mx\/wp-content\/uploads\/2025\/11\/Jaciel-Antonio-El-Pelon-caso-Carlos-Manzo.jpeg.jpg","jetpack_sharing_enabled":true,"_links":{"self":[{"href":"https:\/\/zonaroja.com.mx\/index.php?rest_route=\/wp\/v2\/posts\/87297","targetHints":{"allow":["GET"]}}],"collection":[{"href":"https:\/\/zonaroja.com.mx\/index.php?rest_route=\/wp\/v2\/posts"}],"about":[{"href":"https:\/\/zonaroja.com.mx\/index.php?rest_route=\/wp\/v2\/types\/post"}],"author":[{"embeddable":true,"href":"https:\/\/zonaroja.com.mx\/index.php?rest_route=\/wp\/v2\/users\/2"}],"replies":[{"embeddable":true,"href":"https:\/\/zonaroja.com.mx\/index.php?rest_route=%2Fwp%2Fv2%2Fcomments&post=87297"}],"version-history":[{"count":1,"href":"https:\/\/zonaroja.com.mx\/index.php?rest_route=\/wp\/v2\/posts\/87297\/revisions"}],"predecessor-version":[{"id":87299,"href":"https:\/\/zonaroja.com.mx\/index.php?rest_route=\/wp\/v2\/posts\/87297\/revisions\/87299"}],"wp:featuredmedia":[{"embeddable":true,"href":"https:\/\/zonaroja.com.mx\/index.php?rest_route=\/wp\/v2\/media\/87298"}],"wp:attachment":[{"href":"https:\/\/zonaroja.com.mx\/index.php?rest_route=%2Fwp%2Fv2%2Fmedia&parent=87297"}],"wp:term":[{"taxonomy":"category","embeddable":true,"href":"https:\/\/zonaroja.com.mx\/index.php?rest_route=%2Fwp%2Fv2%2Fcategories&post=87297"},{"taxonomy":"post_tag","embeddable":true,"href":"https:\/\/zonaroja.com.mx\/index.php?rest_route=%2Fwp%2Fv2%2Ftags&post=87297"}],"curies":[{"name":"wp","href":"https:\/\/api.w.org\/{rel}","templated":true}]}}