{"id":8730,"date":"2020-02-13T19:56:28","date_gmt":"2020-02-14T01:56:28","guid":{"rendered":"http:\/\/www.zonaroja.com.mx\/?p=8730"},"modified":"2020-02-13T19:56:31","modified_gmt":"2020-02-14T01:56:31","slug":"codedi-se-une-a-cni-y-ezln-por-justicia-cese-de-violencia-y-contra-megaproyectos","status":"publish","type":"post","link":"https:\/\/zonaroja.com.mx\/?p=8730","title":{"rendered":"Codedi se une a CNI y EZLN por justicia, cese de violencia y contra megaproyectos"},"content":{"rendered":"\n<p>Yuridiana\nSosa\/Zona Roja.<\/p>\n\n\n\n<p>Oaxaca de\nJu\u00e1rez, Oax., 13 de febrero de 2020.- Ante una serie de arbitrariedades,\nataques y asesinatos a sus compa\u00f1eros en el 2019, sin que existe justicia de\npor medio, el Comit\u00e9 por la Defensa de los Derechos Ind\u00edgenas (Codedi) se suma\na la convocatoria del Congreso Nacional Ind\u00edgena (CNI) y el Ej\u00e9rcito Zapatista\nde Liberaci\u00f3n Nacional (EZLN) en defensa de territorios y sus defensores.<\/p>\n\n\n\n<p>La\norganizaci\u00f3n en Oaxaca record\u00f3 en los \u00faltimos a\u00f1os la lucha de los pueblos\noriginarios contra los denominados megaproyectos ha registrado saldos fatales\npara sus defensores, como fue el caso de cinco de ellos el a\u00f1o anterior, y por\nlos que no existen investigaciones eficientes para una justicia por parte de la\nFiscal\u00eda General del Estado.<\/p>\n\n\n\n<p>El 12 de\nfebrero de 2019, fallecieron en un ataque armado sobre la carretera Oaxaca\n-Puerto \u00c1ngel, los activistas Alejandro Antonio D\u00edaz Cruz, Ignacio Basilio\nVentura Mart\u00ednez y Luis \u00c1ngel Mart\u00ednez.<\/p>\n\n\n\n<p>El dirigente\nde la organizaci\u00f3n, Abraham Ram\u00edrez V\u00e1squez, sobrevivi\u00f3 al ataque en febrero,\npero el 17 de julio fue \u201clevantado\u201d por un grupo de personas armadas y encapuchadas\nen la localidad de Salchi, en el municipio de San Pedro Pochutla y horas m\u00e1s\ntarde fue hallado sin vida con tres impactos de bala.<\/p>\n\n\n\n<p>Por ese\nhecho, la Oficina en M\u00e9xico del Alto Comisionado de las Naciones Unidas para\nlos Derechos Humanos (ONU-DH) lanz\u00f3 un posicionamiento condenando el asesinato\ny llam\u00f3 a las autoridades en Oaxaca a una investigaci\u00f3n que involucre los\nataques anteriores.<\/p>\n\n\n\n<p>En\nconferencia de prensa, el Codedi tambi\u00e9n record\u00f3 el asesinato del l\u00edder\nopositor a la termoel\u00e9ctrica de la Huexca, en el municipio de Cuautla, Morelos,\nSamir Flores Soberanes, en febrero de 2019.<\/p>\n\n\n\n<p>Adem\u00e1s, indic\u00f3\nque el Estado reprime la lucha social con aprehensiones arbitrarias de delitos\nno cometidos por los compa\u00f1eros, como ocurri\u00f3 con su l\u00edder en Oaxaca, Fredy\nGarc\u00eda, se\u00f1alado como presunto responsable de tortura y muerte de un elemento\nde la Agencia Estatal de Investigaciones de la FGE.<\/p>\n\n\n\n<p>\u201cComo\npueblos seguiremos resistiendo como lo hemos venido haciendo durante m\u00e1s de 500\na\u00f1os y no descansaremos hasta que nuestros pueblos alcancen la plena libertad\nde y hayan obtenido justicia\u201d, sentenciaron.<\/p>\n","protected":false},"excerpt":{"rendered":"<p>Yuridiana Sosa\/Zona Roja. Oaxaca de Ju\u00e1rez, Oax., 13 de febrero de 2020.- Ante una serie&hellip;<\/p>\n","protected":false},"author":2,"featured_media":5634,"comment_status":"closed","ping_status":"open","sticky":false,"template":"","format":"standard","meta":{"_lmt_disableupdate":"","_lmt_disable":"","_jetpack_memberships_contains_paid_content":false,"footnotes":""},"categories":[109,47],"tags":[832],"class_list":["post-8730","post","type-post","status-publish","format-standard","has-post-thumbnail","hentry","category-minuto-a-minuto","category-zona-gris","tag-comite-de-defensa-de-derechos-indigenas-codedi"],"jetpack_featured_media_url":"https:\/\/zonaroja.com.mx\/wp-content\/uploads\/2019\/11\/Codedi-protesta.jpg","jetpack_sharing_enabled":true,"_links":{"self":[{"href":"https:\/\/zonaroja.com.mx\/index.php?rest_route=\/wp\/v2\/posts\/8730","targetHints":{"allow":["GET"]}}],"collection":[{"href":"https:\/\/zonaroja.com.mx\/index.php?rest_route=\/wp\/v2\/posts"}],"about":[{"href":"https:\/\/zonaroja.com.mx\/index.php?rest_route=\/wp\/v2\/types\/post"}],"author":[{"embeddable":true,"href":"https:\/\/zonaroja.com.mx\/index.php?rest_route=\/wp\/v2\/users\/2"}],"replies":[{"embeddable":true,"href":"https:\/\/zonaroja.com.mx\/index.php?rest_route=%2Fwp%2Fv2%2Fcomments&post=8730"}],"version-history":[{"count":1,"href":"https:\/\/zonaroja.com.mx\/index.php?rest_route=\/wp\/v2\/posts\/8730\/revisions"}],"predecessor-version":[{"id":8731,"href":"https:\/\/zonaroja.com.mx\/index.php?rest_route=\/wp\/v2\/posts\/8730\/revisions\/8731"}],"wp:featuredmedia":[{"embeddable":true,"href":"https:\/\/zonaroja.com.mx\/index.php?rest_route=\/wp\/v2\/media\/5634"}],"wp:attachment":[{"href":"https:\/\/zonaroja.com.mx\/index.php?rest_route=%2Fwp%2Fv2%2Fmedia&parent=8730"}],"wp:term":[{"taxonomy":"category","embeddable":true,"href":"https:\/\/zonaroja.com.mx\/index.php?rest_route=%2Fwp%2Fv2%2Fcategories&post=8730"},{"taxonomy":"post_tag","embeddable":true,"href":"https:\/\/zonaroja.com.mx\/index.php?rest_route=%2Fwp%2Fv2%2Ftags&post=8730"}],"curies":[{"name":"wp","href":"https:\/\/api.w.org\/{rel}","templated":true}]}}