{"id":87302,"date":"2025-11-25T16:37:00","date_gmt":"2025-11-25T22:37:00","guid":{"rendered":"https:\/\/zonaroja.com.mx\/?p=87302"},"modified":"2025-11-25T07:42:25","modified_gmt":"2025-11-25T13:42:25","slug":"estaria-afectado-de-sus-facultades-mentales-joven-que-mato-a-su-padrastro","status":"publish","type":"post","link":"https:\/\/zonaroja.com.mx\/?p=87302","title":{"rendered":"Estar\u00eda afectado de sus facultades mentales joven que mat\u00f3 a su padrastro"},"content":{"rendered":"\n<p>Redacci\u00f3n\/Zona Roja.&nbsp;<\/p>\n\n\n\n<p>Oaxaca, Oax., a 25 de noviembre de 2025.- La Fiscal\u00eda General del Estado de Oaxaca realiz\u00f3 la detenci\u00f3n de una persona del sexo masculino, identificado como M.M.M., por el homicidio de J.G.N. (padrastro del imputado), hechos que sucedieron al interior de un domicilio particular en el municipio de San Pedro Amuzgos.<\/p>\n\n\n\n<p>De acuerdo con la investigaci\u00f3n sobre el caso, los hechos ocurrieron el 19 de noviembre de 2025, dentro de una vivienda cuando aparentemente, la v\u00edctima sostuvo una discusi\u00f3n con el imputado porque este \u00faltimo se rehusaba a ingerir sus medicamentos.<\/p>\n\n\n\n<p>Enseguida, luego de una primera agresi\u00f3n, la v\u00edctima perdi\u00f3 la vida luego de sufrir lesiones en diferentes partes del cuerpo, cometidas con un machete.<\/p>\n\n\n\n<p>Gracias a la intervenci\u00f3n de la Polic\u00eda Municipal fue posible la detenci\u00f3n de M.M.M., quien qued\u00f3 a disposici\u00f3n del Ministerio P\u00fablico, quien lo present\u00f3 ante el Juez y solicit\u00f3 la vinculaci\u00f3n a proceso.<\/p>\n\n\n\n<p>Como aparte de los trabajos ministeriales que realiza la FGEO, dentro de los actos de investigaci\u00f3n la autoridad est\u00e1 a la espera de los resultados de los estudios en psiquiatr\u00eda forense que se aplican al imputado.<\/p>\n\n\n\n<p>ABUSADOR SEXUAL<\/p>\n\n\n\n<p>En otro caso, las investigaciones con raz\u00f3n de g\u00e9nero que realiza la Fiscal\u00eda General hicieron posible ejecutar una orden de aprehensi\u00f3n para detener a un hombre identificado como F.J.S., por los delitos Abuso Sexual Agravado y Violaci\u00f3n Agravada cometidos en contra de una adolescente ocurrida en la regi\u00f3n Mixteca.<\/p>\n\n\n\n<p>La detenci\u00f3n de F.J.S., fue efectuada por elementos de la Agencia Estatal de Investigaciones (AEI) cuando se encontraba a un costado de la calle Prolongaci\u00f3n de Independencia del centro de la Heroica Ciudad de Tlaxiaco derivado de hechos ocurridos en este mismo municipio en que una adolescente fue agredida sexualmente.<\/p>\n\n\n\n<p>Cuando la FGEO recibi\u00f3 la denuncia de este delito, inici\u00f3 las investigaciones con perspectiva de g\u00e9nero a trav\u00e9s de la Vicefiscal\u00eda Regional de la Mixteca y derivado de los resultados de prueba, obtuvo una orden de aprehensi\u00f3n, mandato judicial al que se le dio cumplimiento durante un operativo efectuado por los agentes ministeriales que lo pusieron a disposici\u00f3n de la autoridad competente que lo requiri\u00f3.<\/p>\n","protected":false},"excerpt":{"rendered":"<p>Redacci\u00f3n\/Zona Roja.&nbsp; Oaxaca, Oax., a 25 de noviembre de 2025.- La Fiscal\u00eda General del Estado&hellip;<\/p>\n","protected":false},"author":2,"featured_media":87303,"comment_status":"closed","ping_status":"open","sticky":false,"template":"","format":"standard","meta":{"_lmt_disableupdate":"","_lmt_disable":"","_jetpack_memberships_contains_paid_content":false,"footnotes":""},"categories":[109,46],"tags":[494],"class_list":["post-87302","post","type-post","status-publish","format-standard","has-post-thumbnail","hentry","category-minuto-a-minuto","category-zona-blanca","tag-fiscalia-general-del-estado-de-oaxaca"],"jetpack_featured_media_url":"https:\/\/zonaroja.com.mx\/wp-content\/uploads\/2025\/11\/Joven-mato-a-su-padrastro-en-San-Pedro-Amuzgo.jpeg","jetpack_sharing_enabled":true,"_links":{"self":[{"href":"https:\/\/zonaroja.com.mx\/index.php?rest_route=\/wp\/v2\/posts\/87302","targetHints":{"allow":["GET"]}}],"collection":[{"href":"https:\/\/zonaroja.com.mx\/index.php?rest_route=\/wp\/v2\/posts"}],"about":[{"href":"https:\/\/zonaroja.com.mx\/index.php?rest_route=\/wp\/v2\/types\/post"}],"author":[{"embeddable":true,"href":"https:\/\/zonaroja.com.mx\/index.php?rest_route=\/wp\/v2\/users\/2"}],"replies":[{"embeddable":true,"href":"https:\/\/zonaroja.com.mx\/index.php?rest_route=%2Fwp%2Fv2%2Fcomments&post=87302"}],"version-history":[{"count":1,"href":"https:\/\/zonaroja.com.mx\/index.php?rest_route=\/wp\/v2\/posts\/87302\/revisions"}],"predecessor-version":[{"id":87304,"href":"https:\/\/zonaroja.com.mx\/index.php?rest_route=\/wp\/v2\/posts\/87302\/revisions\/87304"}],"wp:featuredmedia":[{"embeddable":true,"href":"https:\/\/zonaroja.com.mx\/index.php?rest_route=\/wp\/v2\/media\/87303"}],"wp:attachment":[{"href":"https:\/\/zonaroja.com.mx\/index.php?rest_route=%2Fwp%2Fv2%2Fmedia&parent=87302"}],"wp:term":[{"taxonomy":"category","embeddable":true,"href":"https:\/\/zonaroja.com.mx\/index.php?rest_route=%2Fwp%2Fv2%2Fcategories&post=87302"},{"taxonomy":"post_tag","embeddable":true,"href":"https:\/\/zonaroja.com.mx\/index.php?rest_route=%2Fwp%2Fv2%2Ftags&post=87302"}],"curies":[{"name":"wp","href":"https:\/\/api.w.org\/{rel}","templated":true}]}}