{"id":87305,"date":"2025-11-25T17:42:00","date_gmt":"2025-11-25T23:42:00","guid":{"rendered":"https:\/\/zonaroja.com.mx\/?p=87305"},"modified":"2025-11-25T07:43:57","modified_gmt":"2025-11-25T13:43:57","slug":"el-expediente-oculto-del-comandante-h-alertas-militares-ignoradas-en-el-poder","status":"publish","type":"post","link":"https:\/\/zonaroja.com.mx\/?p=87305","title":{"rendered":"El expediente oculto del \u2018Comandante H\u2019: alertas militares ignoradas en el poder"},"content":{"rendered":"\n<p>Redacci\u00f3n\/Zona Roja Cdmx.<\/p>\n\n\n\n<p>(Informaci\u00f3n de Pol\u00edtico.Mx)<\/p>\n\n\n\n<p>Ciudad de M\u00e9xico, a 25 de noviembre de 2025.- La detenci\u00f3n de Hern\u00e1n Berm\u00fadez Requena, alias \u201cComandante H\u201d, exsecretario de Seguridad y Protecci\u00f3n Ciudadana (SSPC) de Tabasco, ha desatado una crisis de \u201cnarcopol\u00edtica\u201d que impacta directamente a la c\u00fapula del partido Morena.<\/p>\n\n\n\n<p>M\u00e1s all\u00e1 de ser un caso de corrupci\u00f3n, la historia de Berm\u00fadez es una cr\u00f3nica sombr\u00eda de c\u00f3mo las advertencias expl\u00edcitas de la inteligencia militar fueron ignoradas \u201csistem\u00e1tica y deliberadamente\u201d por dos de los l\u00edderes m\u00e1s importantes del movimiento: el expresidente Andr\u00e9s Manuel L\u00f3pez Obrador (AMLO) y el exgobernador de Tabasco, Ad\u00e1n Augusto L\u00f3pez Hern\u00e1ndez.<\/p>\n\n\n\n<p>EL PACTO<\/p>\n\n\n\n<p>La sombra de la omisi\u00f3n se remonta a la campa\u00f1a electoral de 2018. La Fiscal\u00eda General de la Rep\u00fablica (FGR) investiga que la posterior designaci\u00f3n de Berm\u00fadez en la SSPC no fue accidental, sino la recompensa de un pacto pol\u00edtico-criminal.<\/p>\n\n\n\n<p>Seg\u00fan el testimonio de un colaborador (\u201cCTDR\u201d) y exintegrante del grupo criminal \u201cLa Barredora\u201d, Ad\u00e1n Augusto L\u00f3pez aval\u00f3 acuerdos con una c\u00e9lula del C\u00e1rtel de Sinaloa para garantizar la tranquilidad de la jornada electoral en Tabasco. Berm\u00fadez, entonces operador de seguridad de confianza del candidato, sostuvo al menos un encuentro con \u201cEl Pel\u00f3n de Playas\u201d para pactar esta \u201cpaz\u201d criminal.<\/p>\n\n\n\n<p>La promesa se cumpli\u00f3 18 meses despu\u00e9s, cuando L\u00f3pez Hern\u00e1ndez design\u00f3 a Berm\u00fadez en diciembre de 2019 como titular de la SSPC, a pesar de que para entonces ya exist\u00edan reportes militares en su contra.<\/p>\n\n\n\n<p>Esta promesa cumplida marc\u00f3 el inicio de la doble vida de Berm\u00fadez, quien, desde el cargo m\u00e1s alto de seguridad, supuestamente utiliz\u00f3 recursos institucionales para proteger y expandir las operaciones de \u201cLa Barredora\u201d.<\/p>\n\n\n\n<p>LAS ALERTAS<\/p>\n\n\n\n<p>Mientras Berm\u00fadez negaba p\u00fablicamente la existencia de c\u00e1rteles en Tabasco, el Ej\u00e9rcito y la inteligencia militar ya le segu\u00edan la pista, documentando su ascenso de funcionario corrupto a \u201cm\u00e1ximo l\u00edder\u201d de una c\u00e9lula criminal.<\/p>\n\n\n\n<p>Lea m\u00e1s en este enlace:<\/p>\n\n\n\n<figure class=\"wp-block-embed\"><div class=\"wp-block-embed__wrapper\">\nhttps:\/\/politico.mx\/2025\/11\/20\/el-expediente-oculto-del-comandante-h-cronica-de-las-alertas-militares-ignoradas-en-el-poder\n<\/div><\/figure>\n","protected":false},"excerpt":{"rendered":"<p>Redacci\u00f3n\/Zona Roja Cdmx. (Informaci\u00f3n de Pol\u00edtico.Mx) Ciudad de M\u00e9xico, a 25 de noviembre de 2025.-&hellip;<\/p>\n","protected":false},"author":2,"featured_media":82372,"comment_status":"closed","ping_status":"open","sticky":false,"template":"","format":"standard","meta":{"_lmt_disableupdate":"","_lmt_disable":"","_jetpack_memberships_contains_paid_content":false,"footnotes":""},"categories":[109,47],"tags":[3288,4357],"class_list":["post-87305","post","type-post","status-publish","format-standard","has-post-thumbnail","hentry","category-minuto-a-minuto","category-zona-gris","tag-adan-augusto-lopez","tag-hernan-bermudez-requena"],"jetpack_featured_media_url":"https:\/\/zonaroja.com.mx\/wp-content\/uploads\/2025\/07\/Adan-Augusto-Lopez-y-su-secretario-de-Seguridad.jpeg","jetpack_sharing_enabled":true,"_links":{"self":[{"href":"https:\/\/zonaroja.com.mx\/index.php?rest_route=\/wp\/v2\/posts\/87305","targetHints":{"allow":["GET"]}}],"collection":[{"href":"https:\/\/zonaroja.com.mx\/index.php?rest_route=\/wp\/v2\/posts"}],"about":[{"href":"https:\/\/zonaroja.com.mx\/index.php?rest_route=\/wp\/v2\/types\/post"}],"author":[{"embeddable":true,"href":"https:\/\/zonaroja.com.mx\/index.php?rest_route=\/wp\/v2\/users\/2"}],"replies":[{"embeddable":true,"href":"https:\/\/zonaroja.com.mx\/index.php?rest_route=%2Fwp%2Fv2%2Fcomments&post=87305"}],"version-history":[{"count":1,"href":"https:\/\/zonaroja.com.mx\/index.php?rest_route=\/wp\/v2\/posts\/87305\/revisions"}],"predecessor-version":[{"id":87306,"href":"https:\/\/zonaroja.com.mx\/index.php?rest_route=\/wp\/v2\/posts\/87305\/revisions\/87306"}],"wp:featuredmedia":[{"embeddable":true,"href":"https:\/\/zonaroja.com.mx\/index.php?rest_route=\/wp\/v2\/media\/82372"}],"wp:attachment":[{"href":"https:\/\/zonaroja.com.mx\/index.php?rest_route=%2Fwp%2Fv2%2Fmedia&parent=87305"}],"wp:term":[{"taxonomy":"category","embeddable":true,"href":"https:\/\/zonaroja.com.mx\/index.php?rest_route=%2Fwp%2Fv2%2Fcategories&post=87305"},{"taxonomy":"post_tag","embeddable":true,"href":"https:\/\/zonaroja.com.mx\/index.php?rest_route=%2Fwp%2Fv2%2Ftags&post=87305"}],"curies":[{"name":"wp","href":"https:\/\/api.w.org\/{rel}","templated":true}]}}