{"id":87307,"date":"2025-11-25T14:51:00","date_gmt":"2025-11-25T20:51:00","guid":{"rendered":"https:\/\/zonaroja.com.mx\/?p=87307"},"modified":"2025-11-25T07:52:46","modified_gmt":"2025-11-25T13:52:46","slug":"estrena-santa-cruz-xoxocotlan-carro-compactado-de-basura","status":"publish","type":"post","link":"https:\/\/zonaroja.com.mx\/?p=87307","title":{"rendered":"Estrena Santa Cruz Xoxocotl\u00e1n carro compactado de basura"},"content":{"rendered":"\n<p>Redacci\u00f3n\/Zona Roja.&nbsp;<\/p>\n\n\n\n<p>Oaxaca, Oax., a 25 de noviembre de 2025.\u2013 En un paso firme hacia la mejora de los servicios p\u00fablicos, la presidenta municipal Nancy Ben\u00edtez Z\u00e1rate, entreg\u00f3 un nuevo compactador de residuos s\u00f3lidos, reforzando uno de los servicios m\u00e1s solicitados por la ciudadan\u00eda: la recolecci\u00f3n de residuos.<\/p>\n\n\n\n<p>La edil record\u00f3 que su administraci\u00f3n recibi\u00f3 este rubro en condiciones cr\u00edticas, pues \u00fanicamente tres compactadores estaban en funcionamiento, mientras que el resto se encontraban descompuestos.&nbsp;<\/p>\n\n\n\n<p>A ello se sumaban las m\u00e1s de 3 mil hect\u00e1reas de basura hacinadas en el espacio de Las Mariposas, reflejo del abandono y la falta de mantenimiento que por a\u00f1os afectaron a miles de familias.<\/p>\n\n\n\n<p>Con la entrega de esta unidad totalmente nueva al \u00e1rea de Servicios Generales, ya suman dos compactadores adquiridos por el Gobierno Municipal, por lo que destac\u00f3 que su administraci\u00f3n se caracteriza por invertir en herramientas de calidad y dignas.&nbsp;<\/p>\n\n\n\n<p>\u201cHacemos todo el esfuerzo para que el trabajo y los impuestos de la ciudadan\u00eda se vean reflejados. Nuestra administraci\u00f3n se caracteriza por comprar las cosas y entregarlas, ahora tenemos un compactador m\u00e1s, y es propiedad de las y los xoxe\u00f1os\u201d, afirm\u00f3.<\/p>\n\n\n\n<p>Este nuevo equipo permitir\u00e1 atender con mayor eficacia las necesidades de colonias, agencias y fraccionamientos, fortaleciendo la capacidad de respuesta del municipio, especialmente en la generaci\u00f3n de residuos.<\/p>\n","protected":false},"excerpt":{"rendered":"<p>Redacci\u00f3n\/Zona Roja.&nbsp; Oaxaca, Oax., a 25 de noviembre de 2025.\u2013 En un paso firme hacia&hellip;<\/p>\n","protected":false},"author":2,"featured_media":87308,"comment_status":"closed","ping_status":"open","sticky":false,"template":"","format":"standard","meta":{"_lmt_disableupdate":"","_lmt_disable":"","_jetpack_memberships_contains_paid_content":false,"footnotes":""},"categories":[109,46],"tags":[133],"class_list":["post-87307","post","type-post","status-publish","format-standard","has-post-thumbnail","hentry","category-minuto-a-minuto","category-zona-blanca","tag-santa-cruz-xoxocotlan"],"jetpack_featured_media_url":"https:\/\/zonaroja.com.mx\/wp-content\/uploads\/2025\/11\/Xoxocotlan-avanza-servicios-publicos-con-nuevo-compactador-de-basura-2.jpeg","jetpack_sharing_enabled":true,"_links":{"self":[{"href":"https:\/\/zonaroja.com.mx\/index.php?rest_route=\/wp\/v2\/posts\/87307","targetHints":{"allow":["GET"]}}],"collection":[{"href":"https:\/\/zonaroja.com.mx\/index.php?rest_route=\/wp\/v2\/posts"}],"about":[{"href":"https:\/\/zonaroja.com.mx\/index.php?rest_route=\/wp\/v2\/types\/post"}],"author":[{"embeddable":true,"href":"https:\/\/zonaroja.com.mx\/index.php?rest_route=\/wp\/v2\/users\/2"}],"replies":[{"embeddable":true,"href":"https:\/\/zonaroja.com.mx\/index.php?rest_route=%2Fwp%2Fv2%2Fcomments&post=87307"}],"version-history":[{"count":1,"href":"https:\/\/zonaroja.com.mx\/index.php?rest_route=\/wp\/v2\/posts\/87307\/revisions"}],"predecessor-version":[{"id":87309,"href":"https:\/\/zonaroja.com.mx\/index.php?rest_route=\/wp\/v2\/posts\/87307\/revisions\/87309"}],"wp:featuredmedia":[{"embeddable":true,"href":"https:\/\/zonaroja.com.mx\/index.php?rest_route=\/wp\/v2\/media\/87308"}],"wp:attachment":[{"href":"https:\/\/zonaroja.com.mx\/index.php?rest_route=%2Fwp%2Fv2%2Fmedia&parent=87307"}],"wp:term":[{"taxonomy":"category","embeddable":true,"href":"https:\/\/zonaroja.com.mx\/index.php?rest_route=%2Fwp%2Fv2%2Fcategories&post=87307"},{"taxonomy":"post_tag","embeddable":true,"href":"https:\/\/zonaroja.com.mx\/index.php?rest_route=%2Fwp%2Fv2%2Ftags&post=87307"}],"curies":[{"name":"wp","href":"https:\/\/api.w.org\/{rel}","templated":true}]}}