{"id":87310,"date":"2025-11-25T19:43:57","date_gmt":"2025-11-26T01:43:57","guid":{"rendered":"https:\/\/zonaroja.com.mx\/?p=87310"},"modified":"2025-11-25T19:44:00","modified_gmt":"2025-11-26T01:44:00","slug":"valida-la-scjn-revocacion-de-mandato-en-oaxaca-invalida-solo-dos-puntos","status":"publish","type":"post","link":"https:\/\/zonaroja.com.mx\/?p=87310","title":{"rendered":"Valida la SCJN Revocaci\u00f3n de Mandato en Oaxaca; invalida s\u00f3lo dos puntos"},"content":{"rendered":"\n<p>Redacci\u00f3n\/Zona Roja Cdmx.<\/p>\n\n\n\n<p>(Comunicado)<\/p>\n\n\n\n<p>Ciudad de M\u00e9xico, a 25 de noviembre de 2025.- La Suprema Corte de Justicia de la Naci\u00f3n (SCJN) contribuy\u00f3 a garantizar la certeza jur\u00eddica, as\u00ed como la participaci\u00f3n democr\u00e1tica de las personas al confirmar que el proceso de revocaci\u00f3n de mandato de la persona titular de la gubernatura de Oaxaca puede seguir adelante con reglas claras y acordes con la Constituci\u00f3n Pol\u00edtica Federal.\u00a0<\/p>\n\n\n\n<p>El Pleno determin\u00f3 la validez de la mayor parte de las disposiciones impugnadas, lo que mantiene vigente el mecanismo de participaci\u00f3n ciudadana directa en la entidad.&nbsp;<\/p>\n\n\n\n<p>De forma espec\u00edfica, se confirm\u00f3 que el Congreso local s\u00ed cumpli\u00f3 con el procedimiento legislativo necesario para aprobar estas reglas.&nbsp;<\/p>\n\n\n\n<p>Se concluy\u00f3 que la Constituci\u00f3n Pol\u00edtica Federal y las normas de la entidad federativa no exigen realizar un parlamento abierto ni consultar a los pueblos y comunidades ind\u00edgenas y afromexicanos de la entidad porque las normas inciden de manera uniforme en toda la ciudadan\u00eda, sin que tengan un impacto espec\u00edfico y diferenciado en los derechos o intereses de esos grupos.<\/p>\n\n\n\n<p>La Corte valid\u00f3 el requisito que establece que, para solicitar el proceso de revocaci\u00f3n de mandato es necesario reunir firmas de al menos 10% de la lista nominal de electores del estado, pues se consider\u00f3 que esto est\u00e1 previsto en la Constituci\u00f3n y busca asegurar que haya un respaldo ciudadano suficiente.&nbsp;<\/p>\n\n\n\n<p>Adem\u00e1s, se consider\u00f3 v\u00e1lida la reducci\u00f3n de 90 a 30 d\u00edas para que el Instituto Electoral local realice la jornada de votaci\u00f3n, una vez emitida la convocatoria. Esta norma \u00fanicamente modifica los tiempos con los que cuenta el organismo electoral para organizar el proceso.&nbsp;<\/p>\n\n\n\n<p>De igual forma, el M\u00e1ximo Tribunal del pa\u00eds confirm\u00f3 el periodo de 30 d\u00edas para la recolecci\u00f3n de firmas, el cual qued\u00f3 definido para el mes de noviembre del presente a\u00f1o.<\/p>\n\n\n\n<p>El Pleno invalid\u00f3 la disposici\u00f3n que ped\u00eda que las firmas de al menos 10% de la lista nominal se cumpliera tambi\u00e9n en cada uno de los municipios; as\u00ed como la reducci\u00f3n del plazo de tres meses a solo un mes, despu\u00e9s del tercer a\u00f1o de gobierno, para solicitar la revocaci\u00f3n de mandato. Ambas resultaban contrarias a la Constituci\u00f3n Pol\u00edtica Federal.<\/p>\n\n\n\n<p>Finalmente, se determin\u00f3 que no es necesario que el Congreso local establezca un r\u00e9gimen transitorio para la aplicaci\u00f3n de la reforma pues, las normas se refieren al procedimiento de revocaci\u00f3n y pueden ser aplicadas para el siguiente proceso.&nbsp; Con esta decisi\u00f3n, se confirma la continuidad del mecanismo de revocaci\u00f3n de mandato en Oaxaca.&nbsp;<\/p>\n","protected":false},"excerpt":{"rendered":"<p>Redacci\u00f3n\/Zona Roja Cdmx. (Comunicado) Ciudad de M\u00e9xico, a 25 de noviembre de 2025.- La Suprema&hellip;<\/p>\n","protected":false},"author":2,"featured_media":87311,"comment_status":"closed","ping_status":"open","sticky":false,"template":"","format":"standard","meta":{"_lmt_disableupdate":"","_lmt_disable":"","_jetpack_memberships_contains_paid_content":false,"footnotes":""},"categories":[109,46],"tags":[4512,2878],"class_list":["post-87310","post","type-post","status-publish","format-standard","has-post-thumbnail","hentry","category-minuto-a-minuto","category-zona-blanca","tag-revocacion-de-mandato-oaxaca","tag-suprema-corte-de-justicia-de-la-nacion-scjn"],"jetpack_featured_media_url":"https:\/\/zonaroja.com.mx\/wp-content\/uploads\/2025\/11\/Sesion-Suprema-Corte-de-Justicia-SCJN.jpeg","jetpack_sharing_enabled":true,"_links":{"self":[{"href":"https:\/\/zonaroja.com.mx\/index.php?rest_route=\/wp\/v2\/posts\/87310","targetHints":{"allow":["GET"]}}],"collection":[{"href":"https:\/\/zonaroja.com.mx\/index.php?rest_route=\/wp\/v2\/posts"}],"about":[{"href":"https:\/\/zonaroja.com.mx\/index.php?rest_route=\/wp\/v2\/types\/post"}],"author":[{"embeddable":true,"href":"https:\/\/zonaroja.com.mx\/index.php?rest_route=\/wp\/v2\/users\/2"}],"replies":[{"embeddable":true,"href":"https:\/\/zonaroja.com.mx\/index.php?rest_route=%2Fwp%2Fv2%2Fcomments&post=87310"}],"version-history":[{"count":1,"href":"https:\/\/zonaroja.com.mx\/index.php?rest_route=\/wp\/v2\/posts\/87310\/revisions"}],"predecessor-version":[{"id":87312,"href":"https:\/\/zonaroja.com.mx\/index.php?rest_route=\/wp\/v2\/posts\/87310\/revisions\/87312"}],"wp:featuredmedia":[{"embeddable":true,"href":"https:\/\/zonaroja.com.mx\/index.php?rest_route=\/wp\/v2\/media\/87311"}],"wp:attachment":[{"href":"https:\/\/zonaroja.com.mx\/index.php?rest_route=%2Fwp%2Fv2%2Fmedia&parent=87310"}],"wp:term":[{"taxonomy":"category","embeddable":true,"href":"https:\/\/zonaroja.com.mx\/index.php?rest_route=%2Fwp%2Fv2%2Fcategories&post=87310"},{"taxonomy":"post_tag","embeddable":true,"href":"https:\/\/zonaroja.com.mx\/index.php?rest_route=%2Fwp%2Fv2%2Ftags&post=87310"}],"curies":[{"name":"wp","href":"https:\/\/api.w.org\/{rel}","templated":true}]}}