{"id":87313,"date":"2025-11-25T21:07:46","date_gmt":"2025-11-26T03:07:46","guid":{"rendered":"https:\/\/zonaroja.com.mx\/?p=87313"},"modified":"2025-11-25T21:07:48","modified_gmt":"2025-11-26T03:07:48","slug":"con-marcha-pacifica-denuncian-que-la-justicia-no-ha-llegado-a-las-mujeres","status":"publish","type":"post","link":"https:\/\/zonaroja.com.mx\/?p=87313","title":{"rendered":"Con marcha pac\u00edfica, denuncian que la justicia no ha llegado a las mujeres"},"content":{"rendered":"\n<p>Lisbeth Mej\u00eda Reyes\/Zona Roja.<\/p>\n\n\n\n<p>Oaxaca, Oax., a 25 de noviembre de 2025.- Con al menos 280 mujeres v\u00edctimas de feminicidios y mil 139 desaparecidas desde el 1 de diciembre de 2022 a la fecha, colectivas feministas denunciaron que en el gobierno \u00abla primavera no ha llegado para las mujeres\u00bb en Oaxaca.<\/p>\n\n\n\n<p>Este martes, en el D\u00eda Internacional de la Eliminaci\u00f3n de la Violencia contra la Mujer, las organizaciones que integran el colectivo Mujeres Oaxaque\u00f1as Tejiendo Comunidad, adem\u00e1s de activistas y mujeres diversas marcharon en la ciudad de Oaxaca para exigir un alto a la violencia y justicia para las sobrevivientes y v\u00edctimas de feminicidios o de otras violencias.<\/p>\n\n\n\n<p>En la marcha tambi\u00e9n participaron ni\u00f1as, quienes en compa\u00f1\u00eda de sus madres y a trav\u00e9s de sus carteles exigieron respeto y justicia para ellas y para Noelia, la ni\u00f1a de 4 a\u00f1os de edad que junto con su madre fue asesinada a principios de noviembre en Juchit\u00e1n de Zaragoza.<\/p>\n\n\n\n<p>El contingente se reuni\u00f3 en la antimonumenta, en la fuente de las Ocho Regiones, donde ley\u00f3 un pronunciamiento y parti\u00f3 rumbo al z\u00f3calo de la capital pasando por la calzada Porfirio D\u00edaz y la avenida Ju\u00e1rez.<\/p>\n\n\n\n<p>La defensora Sandra Dom\u00ednguez, la peque\u00f1a Noelia, Abigail Hay Urrutia (quien perdi\u00f3 la vida en condiciones a\u00fan extra\u00f1as en los separos de Salina Cruz, al igual que Tamara), Mar\u00eda del Sol Cruz Jarqu\u00edn, Dafne Carre\u00f1o, entre otras, fueron solo algunas de las tantas mujeres por quienes se exigi\u00f3 justicia.<\/p>\n\n\n\n<p>Las cifras de mujeres asesinadas y desaparecidas no son solo n\u00fameros, expresaron las colectivas sobre violencias que afectan a familias y comunidades, pero que tambi\u00e9n dan cuenta de la impunidad que deja lejos el acceso a la justicia.<\/p>\n\n\n\n<p>\u00abLa violencia se expresa de m\u00faltiples formas: f\u00edsica, sexual, psicol\u00f3gica, digital, econ\u00f3mica, pol\u00edtica, patrimonial, obst\u00e9trica y simb\u00f3lica. Y se agrava con las condiciones estructurales no resueltas por el estado, como son la pobreza, marginaci\u00f3n, la trata de personas, la prostituci\u00f3n forzada, la militarizaci\u00f3n y la invasi\u00f3n del crimen organizado en los territorios\u00bb.<\/p>\n\n\n\n<p>Con una larga manta en la que se le\u00eda\u00bbOaxaca feminicida\u00bb, las decenas de mujeres y ni\u00f1as marcharon para exigir una vida libre de violencias. Tambi\u00e9n recordaron a las hermanas Patria, Minerva y Mar\u00eda Teresa Mirabal (asesinadas el 25 de noviembre de 1960 durante el r\u00e9gimen de Rafael Le\u00f3nidas Trujillo en Rep\u00fablica Dominicana), por quienes se instaur\u00f3 el D\u00eda Internacional de la Eliminaci\u00f3n de la Violencia contra la Mujer.<\/p>\n\n\n\n<p>La marcha fue pac\u00edfica. Sin embargo, algunos establecimientos de la calzada Porfirio D\u00edaz fueron cercados con maderas por el temor de da\u00f1os.<\/p>\n\n\n\n<p>De igual manera, tanto en el Palacio de Gobierno como en la catedral metropolitana el gobierno estatal instal\u00f3 vallas met\u00e1licas, una acci\u00f3n que ha copiado del gobierno federal de la presidenta Claudia Sheinbaum y sus antecesores.<\/p>\n\n\n\n<p>En la calzada Porfirio D\u00edaz tambi\u00e9n sali\u00f3 un hombre en estado de ebriedad para confrontar al contingente de mujeres que siempre se mantuvo en calma y sin que interviniera alg\u00fan polic\u00eda de los que estaban cerca ni la ciudadan\u00eda. Ante esta situaci\u00f3n solamente los periodistas intervinieron.<\/p>\n","protected":false},"excerpt":{"rendered":"<p>Lisbeth Mej\u00eda Reyes\/Zona Roja. Oaxaca, Oax., a 25 de noviembre de 2025.- Con al menos&hellip;<\/p>\n","protected":false},"author":2,"featured_media":87314,"comment_status":"closed","ping_status":"open","sticky":false,"template":"","format":"standard","meta":{"_lmt_disableupdate":"","_lmt_disable":"","_jetpack_memberships_contains_paid_content":false,"footnotes":""},"categories":[109,47],"tags":[],"class_list":["post-87313","post","type-post","status-publish","format-standard","has-post-thumbnail","hentry","category-minuto-a-minuto","category-zona-gris"],"jetpack_featured_media_url":"https:\/\/zonaroja.com.mx\/wp-content\/uploads\/2025\/11\/Marcha-mujeres-ciudad-de-Oaxaca-colectivos-feministas.jpg","jetpack_sharing_enabled":true,"_links":{"self":[{"href":"https:\/\/zonaroja.com.mx\/index.php?rest_route=\/wp\/v2\/posts\/87313","targetHints":{"allow":["GET"]}}],"collection":[{"href":"https:\/\/zonaroja.com.mx\/index.php?rest_route=\/wp\/v2\/posts"}],"about":[{"href":"https:\/\/zonaroja.com.mx\/index.php?rest_route=\/wp\/v2\/types\/post"}],"author":[{"embeddable":true,"href":"https:\/\/zonaroja.com.mx\/index.php?rest_route=\/wp\/v2\/users\/2"}],"replies":[{"embeddable":true,"href":"https:\/\/zonaroja.com.mx\/index.php?rest_route=%2Fwp%2Fv2%2Fcomments&post=87313"}],"version-history":[{"count":1,"href":"https:\/\/zonaroja.com.mx\/index.php?rest_route=\/wp\/v2\/posts\/87313\/revisions"}],"predecessor-version":[{"id":87315,"href":"https:\/\/zonaroja.com.mx\/index.php?rest_route=\/wp\/v2\/posts\/87313\/revisions\/87315"}],"wp:featuredmedia":[{"embeddable":true,"href":"https:\/\/zonaroja.com.mx\/index.php?rest_route=\/wp\/v2\/media\/87314"}],"wp:attachment":[{"href":"https:\/\/zonaroja.com.mx\/index.php?rest_route=%2Fwp%2Fv2%2Fmedia&parent=87313"}],"wp:term":[{"taxonomy":"category","embeddable":true,"href":"https:\/\/zonaroja.com.mx\/index.php?rest_route=%2Fwp%2Fv2%2Fcategories&post=87313"},{"taxonomy":"post_tag","embeddable":true,"href":"https:\/\/zonaroja.com.mx\/index.php?rest_route=%2Fwp%2Fv2%2Ftags&post=87313"}],"curies":[{"name":"wp","href":"https:\/\/api.w.org\/{rel}","templated":true}]}}