{"id":87316,"date":"2025-11-25T21:53:21","date_gmt":"2025-11-26T03:53:21","guid":{"rendered":"https:\/\/zonaroja.com.mx\/?p=87316"},"modified":"2025-11-25T21:53:24","modified_gmt":"2025-11-26T03:53:24","slug":"ejecutan-a-un-individuo-en-matias-romero-y-a-otro-en-san-luis-amatlan","status":"publish","type":"post","link":"https:\/\/zonaroja.com.mx\/?p=87316","title":{"rendered":"Ejecutan a un individuo en Mat\u00edas Romero y a otro en San Luis Amatl\u00e1n"},"content":{"rendered":"\n<p>Redacci\u00f3n\/Zona Roja.<\/p>\n\n\n\n<p>Oaxaca, Oax., a 25 de noviembre de 2025.- Como Octavio M., fue identificada la persona asesinada anoche en Mat\u00edas Romero Avenda\u00f1o, municipio de la regi\u00f3n del Istmo de Tehuantepec.<\/p>\n\n\n\n<p>La v\u00edctima fue atacada a balazos afuera del bar \u201cEl Rodeo\u201d, en la calle Cuauht\u00e9moc, tras lo cual el presunto agresor huy\u00f3, sin que hubiera polic\u00edas municipales en la zona para impedir la fuga.<\/p>\n\n\n\n<p>La v\u00edctima presentaba varios impactos de arma de fuego y de acuerdo con reportes policiacos, era originario del municipio de El Barrio La Soledad, tambi\u00e9n del Istmo.<\/p>\n\n\n\n<p>La Vicefiscal\u00eda Regional del Istmo, dependiente de la Fiscal\u00eda General del Estado de Oaxaca, contin\u00faa con las indagatorias del caso.<\/p>\n\n\n\n<p>Por otra parte, este martes se report\u00f3 el asesinato de una persona del sexo masculino en la comunidad de Lachive, perteneciente al municipio de San Luis Amatl\u00e1n, distrito de Miahuatl\u00e1n, en la regi\u00f3n Sierra Sur.<\/p>\n\n\n\n<p>De manera preliminar se inform\u00f3 que el cuerpo presenta varios impactos de arma de fuego y fue hallado por vecinos de la zona, quienes a su vez dieron aviso a las autoridades policiacas.<\/p>\n\n\n\n<p>Asimismo, presentaba huellas de tortura y se encontraba maniatado, por lo que presumen que se trat\u00f3 de una ejecuci\u00f3n; hasta el momento se desconoce la identidad de la v\u00edctima, as\u00ed como el m\u00f3vil del crimen y el caso lo indaga la Fiscal\u00eda General.<\/p>\n","protected":false},"excerpt":{"rendered":"<p>Redacci\u00f3n\/Zona Roja. Oaxaca, Oax., a 25 de noviembre de 2025.- Como Octavio M., fue identificada&hellip;<\/p>\n","protected":false},"author":2,"featured_media":79392,"comment_status":"closed","ping_status":"open","sticky":false,"template":"","format":"standard","meta":{"_lmt_disableupdate":"","_lmt_disable":"","_jetpack_memberships_contains_paid_content":false,"footnotes":""},"categories":[109,51],"tags":[4054],"class_list":["post-87316","post","type-post","status-publish","format-standard","has-post-thumbnail","hentry","category-minuto-a-minuto","category-zona-roja","tag-asesinato-matias-romero"],"jetpack_featured_media_url":"https:\/\/zonaroja.com.mx\/wp-content\/uploads\/2025\/04\/Matias-Romero-Avendano-1.jpeg","jetpack_sharing_enabled":true,"_links":{"self":[{"href":"https:\/\/zonaroja.com.mx\/index.php?rest_route=\/wp\/v2\/posts\/87316","targetHints":{"allow":["GET"]}}],"collection":[{"href":"https:\/\/zonaroja.com.mx\/index.php?rest_route=\/wp\/v2\/posts"}],"about":[{"href":"https:\/\/zonaroja.com.mx\/index.php?rest_route=\/wp\/v2\/types\/post"}],"author":[{"embeddable":true,"href":"https:\/\/zonaroja.com.mx\/index.php?rest_route=\/wp\/v2\/users\/2"}],"replies":[{"embeddable":true,"href":"https:\/\/zonaroja.com.mx\/index.php?rest_route=%2Fwp%2Fv2%2Fcomments&post=87316"}],"version-history":[{"count":1,"href":"https:\/\/zonaroja.com.mx\/index.php?rest_route=\/wp\/v2\/posts\/87316\/revisions"}],"predecessor-version":[{"id":87317,"href":"https:\/\/zonaroja.com.mx\/index.php?rest_route=\/wp\/v2\/posts\/87316\/revisions\/87317"}],"wp:featuredmedia":[{"embeddable":true,"href":"https:\/\/zonaroja.com.mx\/index.php?rest_route=\/wp\/v2\/media\/79392"}],"wp:attachment":[{"href":"https:\/\/zonaroja.com.mx\/index.php?rest_route=%2Fwp%2Fv2%2Fmedia&parent=87316"}],"wp:term":[{"taxonomy":"category","embeddable":true,"href":"https:\/\/zonaroja.com.mx\/index.php?rest_route=%2Fwp%2Fv2%2Fcategories&post=87316"},{"taxonomy":"post_tag","embeddable":true,"href":"https:\/\/zonaroja.com.mx\/index.php?rest_route=%2Fwp%2Fv2%2Ftags&post=87316"}],"curies":[{"name":"wp","href":"https:\/\/api.w.org\/{rel}","templated":true}]}}