{"id":87321,"date":"2025-11-26T07:15:00","date_gmt":"2025-11-26T13:15:00","guid":{"rendered":"https:\/\/zonaroja.com.mx\/?p=87321"},"modified":"2025-11-26T06:26:20","modified_gmt":"2025-11-26T12:26:20","slug":"confirman-a-karen-velasco-como-encargada-de-la-secretaria-de-gobierno","status":"publish","type":"post","link":"https:\/\/zonaroja.com.mx\/?p=87321","title":{"rendered":"Confirman a Karen Velasco como encargada de la Secretar\u00eda de Gobierno\u00a0"},"content":{"rendered":"\n<p>Lisbeth Mej\u00eda Reyes\/Zona Roja.<\/p>\n\n\n\n<p>Oaxaca, Oax., a 26 de noviembre de 2025.- Este martes, a casi tres semanas de la renuncia de No\u00e9 Jara Cruz a la Secretar\u00eda de Gobierno y Territorio, el presidente municipal de Oaxaca de Ju\u00e1rez, Raymundo Chagoya Villanueva, dio a conocer a Karen Velasco Carrillo como encargada del despacho de la dependencia.&nbsp;<\/p>\n\n\n\n<p>Durante la conferencia semanal, el edil explic\u00f3 que aun con la renuncia de Jara Cruz se ha mantenido el trabajo de la secretar\u00eda. Adem\u00e1s de que Velasco continuar\u00e1 el di\u00e1logo y concertaci\u00f3n con las organizaciones sociales, comerciantes en v\u00eda p\u00fablica, locatarios y sociedad en general, parte fundamental de la labor de la secretar\u00eda.<\/p>\n\n\n\n<p>Chagoya Villanueva explic\u00f3 que la abogada ha sido parte del equipo de trabajo de la administraci\u00f3n y se trata de una persona muy sensible, que sabe que \u00abla prioridad es mantener la secretar\u00eda andando al ritmo intenso que trabaja actualmente, mantener ese di\u00e1logo constante con todas las organizaciones, mercados, con todas las vecinas y vecinos de Oaxaca de Ju\u00e1rez, con los comit\u00e9s vecinales\u00bb.<\/p>\n\n\n\n<p>Sobre su trayectoria, detall\u00f3 que la nueva encargada del despacho de la secretar\u00eda es una abogada egresada de la Universidad Aut\u00f3noma \u201cBenito Ju\u00e1rez\u201d de Oaxaca. Tambi\u00e9n ha trabajado en el congreso del estado en diversas comisiones \u00aby en tareas en la construcci\u00f3n de acuerdos\u00bb.<\/p>\n\n\n\n<p>Esto \u00faltimo, dijo, es importante y caracteriza a tambi\u00e9n al ex secretario No\u00e9 Jara, quien anunci\u00f3 su renuncia al cargo el pasado 7 de noviembre al argumentar motivos personales.<\/p>\n\n\n\n<p>Durante su presentaci\u00f3n, Karen Velasco reconoci\u00f3 que la nueva encomienda implica mucha responsabilidad, pero que seguir\u00e1 trabajando como lo ven\u00eda haciendo \u00abnuestro amigo No\u00e9 Jara para ser la secretar\u00eda que ha rendido cuentas, que ha seguido trabajando desde el fondo, cerca de todos los ciudadanos, vecinas y vecinos de nuestro municipio\u00bb.<\/p>\n\n\n\n<p>HERMANAMIENTO<\/p>\n\n\n\n<p>En la conferencia, el edil capitalino tambi\u00e9n inform\u00f3 sobre la ratificaci\u00f3n del hermanamiento entre Oaxaca de Ju\u00e1rez y Huajuapan de Le\u00f3n, el cual data del 25 de noviembre de 2014.<\/p>\n\n\n\n<p>La ratificaci\u00f3n fue al concluir la sesi\u00f3n ordinaria de cabildo, efectuada previamente en el palacio municipal. Para esta ceremonia se cont\u00f3 con la presencia del presidente municipal huajuape\u00f1o, Luis de Le\u00f3n Mart\u00ednez S\u00e1nchez, y parte de su cabildo.<\/p>\n\n\n\n<figure class=\"wp-block-embed is-type-rich is-provider-twitter wp-block-embed-twitter\"><div class=\"wp-block-embed__wrapper\">\n<div class=\"twitter-tweet\"><blockquote class=\"twitter-tweet\" data-lang=\"es\"><p lang=\"es\" dir=\"ltr\">En su conferencia de prensa de hoy, el presidente municipal de Oaxaca de Ju\u00e1rez, <a href=\"https:\/\/twitter.com\/raychagoya?ref_src=twsrc%5Etfw\">@raychagoya<\/a>, present\u00f3 a Karen Velasco Carre\u00f1o como encargada del despacho de la Secretar\u00eda de Gobierno y Territorio.<br><br>La nueva funcionaria se comprometi\u00f3 a trabajar con la misma din\u00e1mica e intensidad\u2026 <a href=\"https:\/\/t.co\/B9iFdo9Wq7\">pic.twitter.com\/B9iFdo9Wq7<\/a><\/p>&mdash; Zona Roja Oaxaca (@ZonaRoja_Oaxaca) <a href=\"https:\/\/twitter.com\/ZonaRoja_Oaxaca\/status\/1993440677762326914?ref_src=twsrc%5Etfw\">25 de noviembre de 2025<\/a><\/blockquote><\/div>\n<\/div><\/figure>\n","protected":false},"excerpt":{"rendered":"<p>Lisbeth Mej\u00eda Reyes\/Zona Roja. Oaxaca, Oax., a 26 de noviembre de 2025.- Este martes, a&hellip;<\/p>\n","protected":false},"author":2,"featured_media":87284,"comment_status":"closed","ping_status":"open","sticky":false,"template":"","format":"standard","meta":{"_lmt_disableupdate":"","_lmt_disable":"","_jetpack_memberships_contains_paid_content":false,"footnotes":""},"categories":[109,46],"tags":[148,4403],"class_list":["post-87321","post","type-post","status-publish","format-standard","has-post-thumbnail","hentry","category-minuto-a-minuto","category-zona-blanca","tag-oaxaca-de-juarez","tag-ray-chagoya"],"jetpack_featured_media_url":"https:\/\/zonaroja.com.mx\/wp-content\/uploads\/2025\/11\/Karen-Velasco-encagada-de-Secretaria-de-Gobierno-municipal-Oaxaca.jpeg","jetpack_sharing_enabled":true,"_links":{"self":[{"href":"https:\/\/zonaroja.com.mx\/index.php?rest_route=\/wp\/v2\/posts\/87321","targetHints":{"allow":["GET"]}}],"collection":[{"href":"https:\/\/zonaroja.com.mx\/index.php?rest_route=\/wp\/v2\/posts"}],"about":[{"href":"https:\/\/zonaroja.com.mx\/index.php?rest_route=\/wp\/v2\/types\/post"}],"author":[{"embeddable":true,"href":"https:\/\/zonaroja.com.mx\/index.php?rest_route=\/wp\/v2\/users\/2"}],"replies":[{"embeddable":true,"href":"https:\/\/zonaroja.com.mx\/index.php?rest_route=%2Fwp%2Fv2%2Fcomments&post=87321"}],"version-history":[{"count":1,"href":"https:\/\/zonaroja.com.mx\/index.php?rest_route=\/wp\/v2\/posts\/87321\/revisions"}],"predecessor-version":[{"id":87322,"href":"https:\/\/zonaroja.com.mx\/index.php?rest_route=\/wp\/v2\/posts\/87321\/revisions\/87322"}],"wp:featuredmedia":[{"embeddable":true,"href":"https:\/\/zonaroja.com.mx\/index.php?rest_route=\/wp\/v2\/media\/87284"}],"wp:attachment":[{"href":"https:\/\/zonaroja.com.mx\/index.php?rest_route=%2Fwp%2Fv2%2Fmedia&parent=87321"}],"wp:term":[{"taxonomy":"category","embeddable":true,"href":"https:\/\/zonaroja.com.mx\/index.php?rest_route=%2Fwp%2Fv2%2Fcategories&post=87321"},{"taxonomy":"post_tag","embeddable":true,"href":"https:\/\/zonaroja.com.mx\/index.php?rest_route=%2Fwp%2Fv2%2Ftags&post=87321"}],"curies":[{"name":"wp","href":"https:\/\/api.w.org\/{rel}","templated":true}]}}