{"id":87326,"date":"2025-11-26T09:00:00","date_gmt":"2025-11-26T15:00:00","guid":{"rendered":"https:\/\/zonaroja.com.mx\/?p=87326"},"modified":"2025-11-26T06:42:32","modified_gmt":"2025-11-26T12:42:32","slug":"otorgan-certeza-juridica-a-migrantes-con-actas-de-programa-binacional","status":"publish","type":"post","link":"https:\/\/zonaroja.com.mx\/?p=87326","title":{"rendered":"Otorgan certeza jur\u00eddica a migrantes, con actas de programa binacional"},"content":{"rendered":"\n<p>Redacci\u00f3n\/Zona Roja.<\/p>\n\n\n\n<p>Oaxaca, Oax., a 25 de noviembre de 2025.- El gobernador Salom\u00f3n Jara Cruz entreg\u00f3 ayer actas de nacimiento del programa Binacional \u201cSoy M\u00e9xico\u201d a hijas e hijos de oaxaque\u00f1as y oaxaque\u00f1os que nacieron en Estados Unidos, con el objetivo de que ejerzan sus derechos de manera plena en el pa\u00eds. &nbsp;&nbsp;<\/p>\n\n\n\n<p>Con esta estrategia impulsada por los gobiernos federal y estatal, las y los beneficiarios adem\u00e1s de tener doble nacionalidad, ahora pueden acceder a servicios m\u00e9dicos, a la escuela y a ser favorecidos con los programas sociales de la Primavera Oaxaque\u00f1a y de la federaci\u00f3n.<\/p>\n\n\n\n<p>El titular de la Consejer\u00eda Jur\u00eddica y Asistencia Legal del Estado de Oaxaca, Geovany V\u00e1squez Sagrero, puntualiz\u00f3 que 710 personas, ahora, tendr\u00e1n un acta de manera gratuita, que es sin\u00f3nimo de certeza, legalidad y seguridad para las y los oaxaque\u00f1os que tuvieron la necesidad de abandonar su patria para buscar mejores condiciones de vida en el extranjero.&nbsp;<\/p>\n\n\n\n<p>\u201cEs importante tener en cuenta que cuando hay un gobierno con rostro humano y convicci\u00f3n social, estos temas se abordan de manera seria; esta administraci\u00f3n se enfoca en que haya igualdad de oportunidades, de eso se trata la Cuarta Transformaci\u00f3n\u201d, afirm\u00f3.&nbsp;<\/p>\n\n\n\n<p>En su intervenci\u00f3n, el director general del Registro Civil, Alfredo Santiago Ch\u00e1vez dijo que, tras la pol\u00edtica migratoria implementada en Estados Unidos, el Gobierno que encabeza Salom\u00f3n Jara ha priorizado este programa que favorece a las personas en situaci\u00f3n de retorno.&nbsp;<\/p>\n\n\n\n<p>Adem\u00e1s, explic\u00f3 que la federaci\u00f3n se encarga de la reducci\u00f3n y verificaci\u00f3n de las actas de nacimiento, mientras que el estado realiza la inserci\u00f3n, traducci\u00f3n y certificaci\u00f3n.&nbsp;<\/p>\n\n\n\n<p>Los requisitos con los que cumplieron las personas favorecidas con este programa fueron: solicitud de tr\u00e1mite firmada, acta de nacimiento estadounidense foliada original, acta de nacimiento de madre o padre mexicano, identificaci\u00f3n con fotograf\u00eda de quien lo solicita, comprobante de domicilio.<\/p>\n","protected":false},"excerpt":{"rendered":"<p>Redacci\u00f3n\/Zona Roja. Oaxaca, Oax., a 25 de noviembre de 2025.- El gobernador Salom\u00f3n Jara Cruz&hellip;<\/p>\n","protected":false},"author":2,"featured_media":87327,"comment_status":"closed","ping_status":"open","sticky":false,"template":"","format":"standard","meta":{"_lmt_disableupdate":"","_lmt_disable":"","_jetpack_memberships_contains_paid_content":false,"footnotes":""},"categories":[109,46],"tags":[939],"class_list":["post-87326","post","type-post","status-publish","format-standard","has-post-thumbnail","hentry","category-minuto-a-minuto","category-zona-blanca","tag-salomon-jara-cruz"],"jetpack_featured_media_url":"https:\/\/zonaroja.com.mx\/wp-content\/uploads\/2025\/11\/Brinda-Salomon-Jara-certeza-juridica-a-personas-migrantes-con-actas-de-nacimiento-del-programa-Binacional-Soy-Mexico-4.jpeg","jetpack_sharing_enabled":true,"_links":{"self":[{"href":"https:\/\/zonaroja.com.mx\/index.php?rest_route=\/wp\/v2\/posts\/87326","targetHints":{"allow":["GET"]}}],"collection":[{"href":"https:\/\/zonaroja.com.mx\/index.php?rest_route=\/wp\/v2\/posts"}],"about":[{"href":"https:\/\/zonaroja.com.mx\/index.php?rest_route=\/wp\/v2\/types\/post"}],"author":[{"embeddable":true,"href":"https:\/\/zonaroja.com.mx\/index.php?rest_route=\/wp\/v2\/users\/2"}],"replies":[{"embeddable":true,"href":"https:\/\/zonaroja.com.mx\/index.php?rest_route=%2Fwp%2Fv2%2Fcomments&post=87326"}],"version-history":[{"count":1,"href":"https:\/\/zonaroja.com.mx\/index.php?rest_route=\/wp\/v2\/posts\/87326\/revisions"}],"predecessor-version":[{"id":87328,"href":"https:\/\/zonaroja.com.mx\/index.php?rest_route=\/wp\/v2\/posts\/87326\/revisions\/87328"}],"wp:featuredmedia":[{"embeddable":true,"href":"https:\/\/zonaroja.com.mx\/index.php?rest_route=\/wp\/v2\/media\/87327"}],"wp:attachment":[{"href":"https:\/\/zonaroja.com.mx\/index.php?rest_route=%2Fwp%2Fv2%2Fmedia&parent=87326"}],"wp:term":[{"taxonomy":"category","embeddable":true,"href":"https:\/\/zonaroja.com.mx\/index.php?rest_route=%2Fwp%2Fv2%2Fcategories&post=87326"},{"taxonomy":"post_tag","embeddable":true,"href":"https:\/\/zonaroja.com.mx\/index.php?rest_route=%2Fwp%2Fv2%2Ftags&post=87326"}],"curies":[{"name":"wp","href":"https:\/\/api.w.org\/{rel}","templated":true}]}}