{"id":87337,"date":"2025-11-26T14:00:00","date_gmt":"2025-11-26T20:00:00","guid":{"rendered":"https:\/\/zonaroja.com.mx\/?p=87337"},"modified":"2025-11-26T08:02:38","modified_gmt":"2025-11-26T14:02:38","slug":"detienen-en-flagrancia-a-presunto-narcomenudista-en-santa-lucia-del-camino","status":"publish","type":"post","link":"https:\/\/zonaroja.com.mx\/?p=87337","title":{"rendered":"Detienen en flagrancia a presunto narcomenudista en Santa Luc\u00eda del Camino"},"content":{"rendered":"\n<p>Redacci\u00f3n\/Zona Roja.<\/p>\n\n\n\n<p>Oaxaca, Oax., a 25 de noviembre de 2025.- La Fiscal\u00eda General del Estado de Oaxaca (FGEO) obtuvo la vinculaci\u00f3n a proceso de R.I.H.M., detenido en flagrancia por el delito Contra la Salud en su modalidad de narcomenudeo en su hip\u00f3tesis de suministro.<\/p>\n\n\n\n<p>El imputado fue capturado en la colonia Ampliaci\u00f3n de Santa Luc\u00eda del Camino, luego de que elementos de la Agencia Estatal de Investigaciones (AEI) lo sorprendieron mientras realizaba un intercambio con otra persona.<\/p>\n\n\n\n<p>Al proceder a una revisi\u00f3n, los agentes le localizaron diversas bolsas que conten\u00edan una sustancia granulada con caracter\u00edsticas similares a la droga conocida como \u00abcristal\u00bb, por lo que fue detenido.<\/p>\n\n\n\n<p>Tras ser puesto a disposici\u00f3n de la autoridad ministerial, la detenci\u00f3n fue declarada legal. Posteriormente, la Fiscal\u00eda de Oaxaca a trav\u00e9s de la Vicefiscal\u00eda Regional de Valles Centrales present\u00f3 ante el Juez las pruebas suficientes para que se dictara el auto de vinculaci\u00f3n a proceso contra R.I.H.M.<\/p>\n\n\n\n<p>Como medida cautelar, el Juez impuso la prisi\u00f3n preventiva y fij\u00f3 un plazo de un mes para el cierre de la investigaci\u00f3n complementaria.<\/p>\n\n\n\n<p>PRESUNTO HOMICIDA<\/p>\n\n\n\n<p>En otro caos, la Fiscal\u00eda General del Estado ejecut\u00f3 una orden de aprehensi\u00f3n que permiti\u00f3 la detenci\u00f3n de una persona del sexo masculino identificada como G.L.V., por el delito de homicidio calificado con ventaja, en agravio de su hermano identificado como P.A.L.V., cometido en la regi\u00f3n de la Costa.<\/p>\n\n\n\n<p>De acuerdo con el expediente penal, la agresi\u00f3n con disparos de arma de fuego ocurri\u00f3 el 07 de septiembre de 2011, cuando la v\u00edctima se encontraba en el municipio de Santiago Jamiltepec.<\/p>\n\n\n\n<p>La investigaci\u00f3n detalla que la v\u00edctima hab\u00eda tenido una discusi\u00f3n con su agresor (hermano) por problemas de repartici\u00f3n de unas tierras, cuando fue agredido con disparos de arma de fuego, causando lesiones severas que hicieron que perdiera la vida cuando recib\u00eda atenci\u00f3n en una cl\u00ednica particular.<\/p>\n\n\n\n<p>Por estos hechos y tras tomar conocimiento del caso, la FGEO -a trav\u00e9s de elementos de la Agencia Estatal de Investigaciones adscritos a la Vicefiscal\u00eda Regional de la Costa- iniciaron una investigaci\u00f3n exhaustiva obteniendo una orden de aprehensi\u00f3n emitida por un Juez que se ejecut\u00f3 en contra de G.L.V., por el delito de homicidio calificado con ventaja.<\/p>\n\n\n\n<p>Una vez que la Fiscal\u00eda de Oaxaca pudo obtener su localizaci\u00f3n, le ejecut\u00f3 la orden de aprehensi\u00f3n para ponerlo a disposici\u00f3n de la autoridad que lo requiri\u00f3 y con ello, determinar su situaci\u00f3n jur\u00eddica legal.<\/p>\n\n\n\n<p>La Fiscal\u00eda General garantiza investigaciones exhaustivas para esclarecer delitos, aplicando todo el rigor de la Ley a quien o quienes resulten responsables.<\/p>\n","protected":false},"excerpt":{"rendered":"<p>Redacci\u00f3n\/Zona Roja. Oaxaca, Oax., a 25 de noviembre de 2025.- La Fiscal\u00eda General del Estado&hellip;<\/p>\n","protected":false},"author":2,"featured_media":87338,"comment_status":"closed","ping_status":"open","sticky":false,"template":"","format":"standard","meta":{"_lmt_disableupdate":"","_lmt_disable":"","_jetpack_memberships_contains_paid_content":false,"footnotes":""},"categories":[109,46],"tags":[494],"class_list":["post-87337","post","type-post","status-publish","format-standard","has-post-thumbnail","hentry","category-minuto-a-minuto","category-zona-blanca","tag-fiscalia-general-del-estado-de-oaxaca"],"jetpack_featured_media_url":"https:\/\/zonaroja.com.mx\/wp-content\/uploads\/2025\/11\/Narcomenudista-Santa-Lucia-del-C.jpg","jetpack_sharing_enabled":true,"_links":{"self":[{"href":"https:\/\/zonaroja.com.mx\/index.php?rest_route=\/wp\/v2\/posts\/87337","targetHints":{"allow":["GET"]}}],"collection":[{"href":"https:\/\/zonaroja.com.mx\/index.php?rest_route=\/wp\/v2\/posts"}],"about":[{"href":"https:\/\/zonaroja.com.mx\/index.php?rest_route=\/wp\/v2\/types\/post"}],"author":[{"embeddable":true,"href":"https:\/\/zonaroja.com.mx\/index.php?rest_route=\/wp\/v2\/users\/2"}],"replies":[{"embeddable":true,"href":"https:\/\/zonaroja.com.mx\/index.php?rest_route=%2Fwp%2Fv2%2Fcomments&post=87337"}],"version-history":[{"count":1,"href":"https:\/\/zonaroja.com.mx\/index.php?rest_route=\/wp\/v2\/posts\/87337\/revisions"}],"predecessor-version":[{"id":87339,"href":"https:\/\/zonaroja.com.mx\/index.php?rest_route=\/wp\/v2\/posts\/87337\/revisions\/87339"}],"wp:featuredmedia":[{"embeddable":true,"href":"https:\/\/zonaroja.com.mx\/index.php?rest_route=\/wp\/v2\/media\/87338"}],"wp:attachment":[{"href":"https:\/\/zonaroja.com.mx\/index.php?rest_route=%2Fwp%2Fv2%2Fmedia&parent=87337"}],"wp:term":[{"taxonomy":"category","embeddable":true,"href":"https:\/\/zonaroja.com.mx\/index.php?rest_route=%2Fwp%2Fv2%2Fcategories&post=87337"},{"taxonomy":"post_tag","embeddable":true,"href":"https:\/\/zonaroja.com.mx\/index.php?rest_route=%2Fwp%2Fv2%2Ftags&post=87337"}],"curies":[{"name":"wp","href":"https:\/\/api.w.org\/{rel}","templated":true}]}}