{"id":87340,"date":"2025-11-26T15:02:00","date_gmt":"2025-11-26T21:02:00","guid":{"rendered":"https:\/\/zonaroja.com.mx\/?p=87340"},"modified":"2025-11-26T08:04:36","modified_gmt":"2025-11-26T14:04:36","slug":"refuerza-el-dif-oaxaca-acciones-de-asistencia-social-en-la-costa","status":"publish","type":"post","link":"https:\/\/zonaroja.com.mx\/?p=87340","title":{"rendered":"Refuerza el DIF Oaxaca acciones de asistencia social en la Costa"},"content":{"rendered":"\n<p>Redacci\u00f3n\/Zona Roja.<\/p>\n\n\n\n<p>Oaxaca, Oax., a 26 de noviembre de 2025.- Con el prop\u00f3sito de fortalecer el bienestar f\u00edsico y alimentario, la Presidenta Honoraria del Sistema para el Desarrollo Integral de la Familia (DIF) Oaxaca, Irma Bola\u00f1os Quijano entreg\u00f3 dotaciones alimentarias, aparatos funcionales y lentes de vista cansada a grupos prioritarios de Santa Mar\u00eda Huatulco y Santa Mar\u00eda Tonameca.&nbsp;<\/p>\n\n\n\n<p>Durante esta gira de trabajo por la regi\u00f3n Costa, Bola\u00f1os Quijano proporcion\u00f3 4 mil 322 canastas alimentarias de los programas Itacate de mi Coraz\u00f3n, Latido Nutritivo y Desayuno de Letritas, adem\u00e1s del subprograma Guisos de mi Pueblo.&nbsp;<\/p>\n\n\n\n<p>A trav\u00e9s de la Direcci\u00f3n de Operaci\u00f3n y Bienestar, se distribuyeron 31 aparatos funcionales como sillas de ruedas, andaderas, bastones y lentes de vista cansada en favor de personas con discapacidad y mayores.&nbsp;<\/p>\n\n\n\n<p>Asimismo, la Unidad B\u00e1sica de Rehabilitaci\u00f3n (UBR) de Santa Mar\u00eda Huatulco recibi\u00f3 equipamiento, y la de Santa Mar\u00eda Tonameca fue reequipada, con lo que mejorar\u00e1 la atenci\u00f3n especializada para las y los usuarios.&nbsp;<\/p>\n\n\n\n<p>\u201cLes recordamos que la terapia no solo trata del cuerpo, tambi\u00e9n renueva la esperanza y mejora la calidad de vida. De ah\u00ed la importancia de trabajar en territorio y conocer las necesidades de la gente\u201d afirm\u00f3 la Presidenta Honoraria.<\/p>\n\n\n\n<p>Como parte del programa Salud y Bienestar Comunitario, que busca formar comunidades autogestoras, se entreg\u00f3 el proyecto Ampliaci\u00f3n de Hilos para Hamacas, as\u00ed como insumos en la localidad de Barranca Honda, Tonameca.<\/p>\n\n\n\n<p>Estas acciones de la Primavera Oaxaque\u00f1a brindan bienestar y salud, al tiempo que mejoran los espacios para todas y todos los habitantes, principalmente de los grupos de atenci\u00f3n prioritaria.<\/p>\n","protected":false},"excerpt":{"rendered":"<p>Redacci\u00f3n\/Zona Roja. Oaxaca, Oax., a 26 de noviembre de 2025.- Con el prop\u00f3sito de fortalecer&hellip;<\/p>\n","protected":false},"author":2,"featured_media":87341,"comment_status":"closed","ping_status":"open","sticky":false,"template":"","format":"standard","meta":{"_lmt_disableupdate":"","_lmt_disable":"","_jetpack_memberships_contains_paid_content":false,"footnotes":""},"categories":[109,46],"tags":[841],"class_list":["post-87340","post","type-post","status-publish","format-standard","has-post-thumbnail","hentry","category-minuto-a-minuto","category-zona-blanca","tag-dif-oaxaca"],"jetpack_featured_media_url":"https:\/\/zonaroja.com.mx\/wp-content\/uploads\/2025\/11\/Refuerza-DIF-Oaxaca-acciones-de-alimentacion-rehabilitacion-y-bienestar-comunitario-en-la-Costa-5.jpeg","jetpack_sharing_enabled":true,"_links":{"self":[{"href":"https:\/\/zonaroja.com.mx\/index.php?rest_route=\/wp\/v2\/posts\/87340","targetHints":{"allow":["GET"]}}],"collection":[{"href":"https:\/\/zonaroja.com.mx\/index.php?rest_route=\/wp\/v2\/posts"}],"about":[{"href":"https:\/\/zonaroja.com.mx\/index.php?rest_route=\/wp\/v2\/types\/post"}],"author":[{"embeddable":true,"href":"https:\/\/zonaroja.com.mx\/index.php?rest_route=\/wp\/v2\/users\/2"}],"replies":[{"embeddable":true,"href":"https:\/\/zonaroja.com.mx\/index.php?rest_route=%2Fwp%2Fv2%2Fcomments&post=87340"}],"version-history":[{"count":1,"href":"https:\/\/zonaroja.com.mx\/index.php?rest_route=\/wp\/v2\/posts\/87340\/revisions"}],"predecessor-version":[{"id":87342,"href":"https:\/\/zonaroja.com.mx\/index.php?rest_route=\/wp\/v2\/posts\/87340\/revisions\/87342"}],"wp:featuredmedia":[{"embeddable":true,"href":"https:\/\/zonaroja.com.mx\/index.php?rest_route=\/wp\/v2\/media\/87341"}],"wp:attachment":[{"href":"https:\/\/zonaroja.com.mx\/index.php?rest_route=%2Fwp%2Fv2%2Fmedia&parent=87340"}],"wp:term":[{"taxonomy":"category","embeddable":true,"href":"https:\/\/zonaroja.com.mx\/index.php?rest_route=%2Fwp%2Fv2%2Fcategories&post=87340"},{"taxonomy":"post_tag","embeddable":true,"href":"https:\/\/zonaroja.com.mx\/index.php?rest_route=%2Fwp%2Fv2%2Ftags&post=87340"}],"curies":[{"name":"wp","href":"https:\/\/api.w.org\/{rel}","templated":true}]}}