{"id":87343,"date":"2025-11-26T19:00:27","date_gmt":"2025-11-27T01:00:27","guid":{"rendered":"https:\/\/zonaroja.com.mx\/?p=87343"},"modified":"2025-11-26T19:00:28","modified_gmt":"2025-11-27T01:00:28","slug":"alcaldesa-de-santiago-choapam-denuncia-nuevamente-violencia-politica","status":"publish","type":"post","link":"https:\/\/zonaroja.com.mx\/?p=87343","title":{"rendered":"Alcaldesa de Santiago Cho\u00e1pam denuncia nuevamente violencia pol\u00edtica"},"content":{"rendered":"\n<p>Lisbeth Mej\u00eda Reyes\/Zona Roja.<\/p>\n\n\n\n<p>Oaxaca, Oax., a 26 de noviembre de 2025.- Un d\u00eda despu\u00e9s del D\u00eda Internacional para la Eliminaci\u00f3n de la Violencia contra la Mujer, Hermelanda Santiago Garc\u00eda, presidenta municipal de Santiago Cho\u00e1pam, denunci\u00f3 este mi\u00e9rcoles que nuevamente es v\u00edctima de violencia pol\u00edtica por raz\u00f3n de g\u00e9nero y amenazas de parte de l\u00edderes y autoridades comunitarias, as\u00ed como docentes de la Secci\u00f3n 22 del SNTE.<\/p>\n\n\n\n<p>Esto luego de que desde el pasado mi\u00e9rcoles 19 de noviembre, pobladores de Santo Domingo Latani bloquearon el camino que conduce hacia San Jacinto Yaveloxi para exigir la entrega de recursos de los ramos 28 y 33.<\/p>\n\n\n\n<p>La violencia, que ya hab\u00eda denunciado en su primer a\u00f1o de gobierno, en 2023, ha vuelto y de acuerdo con la edil no solo es para afectarla a ella y su familia sino a toda la comunidad.&nbsp;<\/p>\n\n\n\n<p>En especial a las mujeres, ya que se est\u00e1 obstaculizando la nueva elecci\u00f3n en la que otra mujer tendr\u00eda que asumir el cargo en este municipio de la regi\u00f3n Cuenca del Papaloapan, donde tras varios a\u00f1os de conflicto se pudo recuperar el palacio municipal en 2023.<\/p>\n\n\n\n<p>Por las protestas, la elecci\u00f3n programada para el 7 de diciembre se est\u00e1 aplazando para el 14 del mes.<\/p>\n\n\n\n<p>En conferencia de prensa en la ciudad de Oaxaca, Hermelanda Santiago se\u00f1al\u00f3 como responsables de la violencia, amenazas y protestas en su contra a l\u00edderes, ex comisionados y otros hombres que exigen recursos para s\u00ed mismos, pero que ante la negativa de la presidenta recurrieron a la protesta social para desestabilizar su administraci\u00f3n.<\/p>\n\n\n\n<p>Por ejemplo , mencion\u00f3 a quienes participaron en la masacre del 2011: Leonel D\u00edaz, Leovigildo Dionet y Nivardo Cano Mat\u00edas. Asimismo, al ex comisionado Elmer Cardosa. \u00abNo quieren que se d\u00e9 la elecci\u00f3n, no quieren que participe una mujer\u00bb, apunt\u00f3.<\/p>\n\n\n\n<p>Adem\u00e1s, explic\u00f3 que las protestas de Santo Domingo Latani no tienen raz\u00f3n de ser, pues se le ha entregado el recurso del ramo 28 y el fondo IV, que corresponde a una obra, se le dar\u00e1 hasta que hasta que inicien o culmine tal.<\/p>\n\n\n\n<p>Incluso, detall\u00f3 que en cuanto al ramo 33 para obra p\u00fablica, se est\u00e1 ejerciendo a pesar de que las agencias no cumplieron con la priorizaci\u00f3n de sus obras y el municipio tuvo que decidir qu\u00e9 necesidades atender en ellas.<\/p>\n\n\n\n<p>\u00abDesde que inici\u00e9 en el 2023 me han violentado mis derechos, no me han dejado trabajar, me dicen que me regrese a mi comunidad a hacer tortillas, que no tendr\u00eda nada que hacer en la poblaci\u00f3n, que no tendr\u00eda por qu\u00e9 mandarles a ellos. Adem\u00e1s de que soy joven, ellos comentan y argumentan esta parte, autoridades que han estado en este trienio ocupando cargos comunitarios, ellos me han amenazado tambi\u00e9n\u00bb, apunt\u00f3.<\/p>\n\n\n\n<p>Debido a esta violencia y amenazas, se\u00f1al\u00f3 que ya interpuso una denuncia ante la Fiscal\u00eda General del Estado de Oaxaca.<\/p>\n\n\n\n<p>\u00abYo he estado denunciando a estas personas y me han violentado, me han amenazado y han amenazado a mi familia, todo esto porque hay l\u00edderes. Desde que se inici\u00f3 el periodo en 2023 hemos optado por no dar ni un peso a los l\u00edderes sino aportar directamente a las instituciones, a una obra\u00bb, expres\u00f3.<\/p>\n\n\n\n<figure class=\"wp-block-embed is-type-rich is-provider-twitter wp-block-embed-twitter\"><div class=\"wp-block-embed__wrapper\">\n<div class=\"twitter-tweet\"><blockquote class=\"twitter-tweet\" data-lang=\"es\"><p lang=\"es\" dir=\"ltr\"><a href=\"https:\/\/twitter.com\/hashtag\/ENVIVO?src=hash&amp;ref_src=twsrc%5Etfw\">#ENVIVO<\/a><br>Conferencia de prensa de Hermelanda Santiago Garc\u00eda, presidenta municipal de Santiago Cho\u00e1pam, Oaxaca, quien denuncia violencia pol\u00edtica por raz\u00f3n de g\u00e9nero. <a href=\"https:\/\/t.co\/zACXw2iLod\">https:\/\/t.co\/zACXw2iLod<\/a><\/p>&mdash; Zona Roja Oaxaca (@ZonaRoja_Oaxaca) <a href=\"https:\/\/twitter.com\/ZonaRoja_Oaxaca\/status\/1993708856795652276?ref_src=twsrc%5Etfw\">26 de noviembre de 2025<\/a><\/blockquote><\/div>\n<\/div><\/figure>\n","protected":false},"excerpt":{"rendered":"<p>Lisbeth Mej\u00eda Reyes\/Zona Roja. Oaxaca, Oax., a 26 de noviembre de 2025.- Un d\u00eda despu\u00e9s&hellip;<\/p>\n","protected":false},"author":2,"featured_media":87344,"comment_status":"closed","ping_status":"open","sticky":false,"template":"","format":"standard","meta":{"_lmt_disableupdate":"","_lmt_disable":"","_jetpack_memberships_contains_paid_content":false,"footnotes":""},"categories":[109,46],"tags":[2409],"class_list":["post-87343","post","type-post","status-publish","format-standard","has-post-thumbnail","hentry","category-minuto-a-minuto","category-zona-blanca","tag-santiago-choapam"],"jetpack_featured_media_url":"https:\/\/zonaroja.com.mx\/wp-content\/uploads\/2025\/11\/Hermelanda-Santiago-Choapam.jpg","jetpack_sharing_enabled":true,"_links":{"self":[{"href":"https:\/\/zonaroja.com.mx\/index.php?rest_route=\/wp\/v2\/posts\/87343","targetHints":{"allow":["GET"]}}],"collection":[{"href":"https:\/\/zonaroja.com.mx\/index.php?rest_route=\/wp\/v2\/posts"}],"about":[{"href":"https:\/\/zonaroja.com.mx\/index.php?rest_route=\/wp\/v2\/types\/post"}],"author":[{"embeddable":true,"href":"https:\/\/zonaroja.com.mx\/index.php?rest_route=\/wp\/v2\/users\/2"}],"replies":[{"embeddable":true,"href":"https:\/\/zonaroja.com.mx\/index.php?rest_route=%2Fwp%2Fv2%2Fcomments&post=87343"}],"version-history":[{"count":1,"href":"https:\/\/zonaroja.com.mx\/index.php?rest_route=\/wp\/v2\/posts\/87343\/revisions"}],"predecessor-version":[{"id":87345,"href":"https:\/\/zonaroja.com.mx\/index.php?rest_route=\/wp\/v2\/posts\/87343\/revisions\/87345"}],"wp:featuredmedia":[{"embeddable":true,"href":"https:\/\/zonaroja.com.mx\/index.php?rest_route=\/wp\/v2\/media\/87344"}],"wp:attachment":[{"href":"https:\/\/zonaroja.com.mx\/index.php?rest_route=%2Fwp%2Fv2%2Fmedia&parent=87343"}],"wp:term":[{"taxonomy":"category","embeddable":true,"href":"https:\/\/zonaroja.com.mx\/index.php?rest_route=%2Fwp%2Fv2%2Fcategories&post=87343"},{"taxonomy":"post_tag","embeddable":true,"href":"https:\/\/zonaroja.com.mx\/index.php?rest_route=%2Fwp%2Fv2%2Ftags&post=87343"}],"curies":[{"name":"wp","href":"https:\/\/api.w.org\/{rel}","templated":true}]}}