{"id":87349,"date":"2025-11-26T21:15:35","date_gmt":"2025-11-27T03:15:35","guid":{"rendered":"https:\/\/zonaroja.com.mx\/?p=87349"},"modified":"2025-11-26T21:15:38","modified_gmt":"2025-11-27T03:15:38","slug":"logra-fiscalia-tres-sentencias-contra-un-feminicida-un-homicida-y-un-deudor","status":"publish","type":"post","link":"https:\/\/zonaroja.com.mx\/?p=87349","title":{"rendered":"Logra Fiscal\u00eda tres sentencias: contra un feminicida, un homicida y un deudor"},"content":{"rendered":"\n<p>Redacci\u00f3n\/Zona Roja.&nbsp;<\/p>\n\n\n\n<p>Oaxaca, Oax., a 26 de noviembre de 2025.- Como resultado de investigaciones ministeriales especializadas con perspectiva de g\u00e9nero, la Fiscal\u00eda General del Estado de Oaxaca (FGEO) obtuvo una sentencia condenatoria de 66 a\u00f1os y seis meses de prisi\u00f3n contra Francisco R.Z.M., por el delito de feminicidio agravado cometido en agravio de L.E.M.V., en la regi\u00f3n Sierra de Flores Mag\u00f3n.<\/p>\n\n\n\n<p>De acuerdo con la causa penal, los hechos iniciaron el 14 de junio de 2020, cuando la v\u00edctima comenz\u00f3 a trabajar en un negocio de comunicaciones, ubicado en la localidad de Piedra Ancha, en el municipio de Mazatl\u00e1n Villa de Flores, distrito de Teotitl\u00e1n, sitio en donde sufri\u00f3 acoso constante por parte del hoy sentenciado, quien era el encargado del establecimiento.<\/p>\n\n\n\n<p>Las investigaciones revelaron que Francisco R.Z.M., insist\u00eda repetidamente en pedirle a la v\u00edctima que fuera su novia, pero la v\u00edctima se neg\u00f3, por lo que el agresor intensific\u00f3 el acoso en el entorno de L.E.M.V.<\/p>\n\n\n\n<p>El 18 de julio de 2020, Francisco R.Z.M. ingres\u00f3 al negocio donde trabajaba la v\u00edctima y la atac\u00f3 con un objeto punzocortante, provocando m\u00faltiples lesiones que le causaron la muerte.<\/p>\n\n\n\n<p>Como parte de una investigaci\u00f3n bajo el Protocolo Ministerial, Policial y Pericial del Delito de Feminicidio, realizada por la Fiscal\u00eda de Oaxaca -a trav\u00e9s de la Vicefiscal\u00eda General de Control Regional-, fue posible establecer l\u00edneas s\u00f3lidas de investigaci\u00f3n que llevaron a la localizaci\u00f3n y posterior detenci\u00f3n de Francisco R.Z.M.<\/p>\n\n\n\n<p>Con base en las pruebas presentadas por la FGEO, el Tribunal de Enjuiciamiento dict\u00f3 sentencia condenatoria en contra de Francisco R.Z.M., a quien impusieron una pena de 66 a\u00f1os y seis meses de prisi\u00f3n, adem\u00e1s del pago de una multa y la reparaci\u00f3n del da\u00f1o a favor de la v\u00edctima indirecta.<\/p>\n\n\n\n<p>HOMICIDA DE TAXISTA<\/p>\n\n\n\n<p>En otro caso, la Fiscal\u00eda General obtuvo una sentencia condenatoria de 30 a\u00f1os de prisi\u00f3n contra Pascual I.R.C., alias \u201cEl Chamuco\u201d o \u201cEl Demonio\u201d, por su responsabilidad en la comisi\u00f3n del delito de homicidio calificado con las agravantes de premeditaci\u00f3n, alevos\u00eda y ventaja, cometido en la regi\u00f3n de los Valles Centrales.<\/p>\n\n\n\n<p>De acuerdo con el expediente penal, los hechos ocurrieron el 27 de abril de 2016, en inmediaciones de la agencia municipal del Ejido Guadalupe Victoria, perteneciente a la ciudad de Oaxaca de Ju\u00e1rez.<\/p>\n\n\n\n<p>La investigaci\u00f3n revela que la v\u00edctima, identificada como J.C.L.S., se encontraba dentro de un veh\u00edculo habilitado como taxi del sitio Hidalgo, San Francisco Tutla, cuando fue sorprendida y atacada por un grupo de personas que lleg\u00f3 al lugar, quienes lo golpearon con tablas, lo hirieron con un objeto corto contundente (cuchillo) y le dispararon con un arma de fuego, provoc\u00e1ndole lesiones que le causaron la muerte.<\/p>\n\n\n\n<p>Ante estos hechos, la FGEO, a trav\u00e9s de la Vicefiscal\u00eda General de Control Regional, inici\u00f3 las investigaciones correspondientes, lo que permiti\u00f3 la detenci\u00f3n de Pascual I.R.C., alias \u201cEl Chamuco\u201d o \u201cEl Demonio\u201d, quien posteriormente fue puesto a disposici\u00f3n de la autoridad judicial.<\/p>\n\n\n\n<p>Durante las audiencias de desahogo de pruebas, el Tribunal de Enjuiciamiento determin\u00f3 que exist\u00edan elementos suficientes para dictar sentencia condenatoria de 30 a\u00f1os de prisi\u00f3n en su contra, adem\u00e1s de imponer el pago por concepto de reparaci\u00f3n del da\u00f1o.<\/p>\n\n\n\n<p>Cabe destacar que, con esta resoluci\u00f3n, suman tres las personas detenidas y sujetas a proceso penal por este homicidio, ya que la FGEO previamente logr\u00f3 la detenci\u00f3n de J.A.P.R. y J.I.V.Z., alias \u201cEl Raptor\u201d o \u201cEl Pumba\u201d, por su probable participaci\u00f3n en los mismos hechos.<\/p>\n\n\n\n<p>DEUDOR ALIMENTARIO<\/p>\n\n\n\n<p>Por otra parte, el trabajo que realiza la Fiscal\u00eda General para brindar certeza jur\u00eddica a ni\u00f1as, ni\u00f1os, adolescentes y mujeres dio como resultado la obtenci\u00f3n de una sentencia condenatoria contra una persona del sexo masculino identificada como Marco A.R.A., por su responsabilidad en el delito de incumplimiento de obligaciones alimentarias.<\/p>\n\n\n\n<p>De acuerdo con la causa penal, el sentenciado incumpli\u00f3 las disposiciones impuestas por un Juez Familiar, quien hab\u00eda fijado el pago de una pensi\u00f3n alimentaria a favor de sus cuatro hijos menores de edad.<\/p>\n\n\n\n<p>Tras la denuncia presentada ante la FGEO, se iniciaron los trabajos de investigaci\u00f3n a cargo de la Vicefiscal\u00eda General de Control Regional, los cuales permitieron obtener una orden de aprehensi\u00f3n en contra de Marco A.R.A.&nbsp;<\/p>\n\n\n\n<p>Tras la detenci\u00f3n, efectuada por elementos de la Agencia Estatal de Investigaciones (AEI), el hoy sentenciado fue presentado ante el Juez que lo requiri\u00f3, quien, al validar los datos de prueba, determin\u00f3 vincularlo a proceso.<\/p>\n\n\n\n<p>En audiencia, el Tribunal de Enjuiciamiento dict\u00f3 sentencia condenatoria contra Marco A.R.A. por el delito de incumplimiento de obligaciones alimentarias, imponi\u00e9ndole una pena de cuatro a\u00f1os de prisi\u00f3n, adem\u00e1s del pago de m\u00e1s de 319 mil pesos por concepto de reparaci\u00f3n del da\u00f1o a favor de las v\u00edctimas.<\/p>\n\n\n\n<p>Para la Fiscal\u00eda General del Estado de Oaxaca la procuraci\u00f3n de justicia a favor de las ni\u00f1as, ni\u00f1os y adolescentes es una prioridad, por ello, reafirma su compromiso de trabajar para que este sector de la poblaci\u00f3n pueda acceder al ejercicio pleno de sus derechos humanos.<\/p>\n","protected":false},"excerpt":{"rendered":"<p>Redacci\u00f3n\/Zona Roja.&nbsp; Oaxaca, Oax., a 26 de noviembre de 2025.- Como resultado de investigaciones ministeriales&hellip;<\/p>\n","protected":false},"author":2,"featured_media":71841,"comment_status":"closed","ping_status":"open","sticky":false,"template":"","format":"standard","meta":{"_lmt_disableupdate":"","_lmt_disable":"","_jetpack_memberships_contains_paid_content":false,"footnotes":""},"categories":[109,46],"tags":[494],"class_list":["post-87349","post","type-post","status-publish","format-standard","has-post-thumbnail","hentry","category-minuto-a-minuto","category-zona-blanca","tag-fiscalia-general-del-estado-de-oaxaca"],"jetpack_featured_media_url":"https:\/\/zonaroja.com.mx\/wp-content\/uploads\/2024\/08\/Fiscalia-General-del-Estado.jpg","jetpack_sharing_enabled":true,"_links":{"self":[{"href":"https:\/\/zonaroja.com.mx\/index.php?rest_route=\/wp\/v2\/posts\/87349","targetHints":{"allow":["GET"]}}],"collection":[{"href":"https:\/\/zonaroja.com.mx\/index.php?rest_route=\/wp\/v2\/posts"}],"about":[{"href":"https:\/\/zonaroja.com.mx\/index.php?rest_route=\/wp\/v2\/types\/post"}],"author":[{"embeddable":true,"href":"https:\/\/zonaroja.com.mx\/index.php?rest_route=\/wp\/v2\/users\/2"}],"replies":[{"embeddable":true,"href":"https:\/\/zonaroja.com.mx\/index.php?rest_route=%2Fwp%2Fv2%2Fcomments&post=87349"}],"version-history":[{"count":1,"href":"https:\/\/zonaroja.com.mx\/index.php?rest_route=\/wp\/v2\/posts\/87349\/revisions"}],"predecessor-version":[{"id":87350,"href":"https:\/\/zonaroja.com.mx\/index.php?rest_route=\/wp\/v2\/posts\/87349\/revisions\/87350"}],"wp:featuredmedia":[{"embeddable":true,"href":"https:\/\/zonaroja.com.mx\/index.php?rest_route=\/wp\/v2\/media\/71841"}],"wp:attachment":[{"href":"https:\/\/zonaroja.com.mx\/index.php?rest_route=%2Fwp%2Fv2%2Fmedia&parent=87349"}],"wp:term":[{"taxonomy":"category","embeddable":true,"href":"https:\/\/zonaroja.com.mx\/index.php?rest_route=%2Fwp%2Fv2%2Fcategories&post=87349"},{"taxonomy":"post_tag","embeddable":true,"href":"https:\/\/zonaroja.com.mx\/index.php?rest_route=%2Fwp%2Fv2%2Ftags&post=87349"}],"curies":[{"name":"wp","href":"https:\/\/api.w.org\/{rel}","templated":true}]}}