{"id":8735,"date":"2020-02-13T21:59:04","date_gmt":"2020-02-14T03:59:04","guid":{"rendered":"http:\/\/www.zonaroja.com.mx\/?p=8735"},"modified":"2020-02-13T21:59:11","modified_gmt":"2020-02-14T03:59:11","slug":"podria-ir-gabino-cue-a-la-carcel-por-masacre-en-asuncion-nochixtlan","status":"publish","type":"post","link":"https:\/\/zonaroja.com.mx\/?p=8735","title":{"rendered":"Podr\u00eda ir Gabino Cu\u00e9 a la c\u00e1rcel, por masacre en Asunci\u00f3n Nochixtl\u00e1n"},"content":{"rendered":"\n<p>Yuridiana\nSosa\/Zona Roja.<\/p>\n\n\n\n<p>Oaxaca de\nJu\u00e1rez, Oax., 13 de febrero de 2020.- El ex gobernador de Oaxaca, Gabino Cu\u00e9\nMonteagudo, est\u00e1 citado por parte de la Fiscal\u00eda General de la Rep\u00fablica (FGR) para\ndeclarar sobre su presunta responsabilidad en el enfrentamiento ocurrido en\nAsunci\u00f3n Nochixtl\u00e1n el 19 de junio de 2016, entre maestros y habitantes con polic\u00edas\nfederales y estatales con saldo de siete v\u00edctimas mortales.<\/p>\n\n\n\n<p>El Comit\u00e9 de\nV\u00edctimas por Justicia y Verdad \u201c19 de Junio\u201d inform\u00f3 que la comparecencia est\u00e1\nprogramada para el pr\u00f3ximo 27 de febrero en las oficinas centrales de la FGR,\nen la Ciudad de M\u00e9xico, ciudad en la que tambi\u00e9n se notific\u00f3 la cita.<\/p>\n\n\n\n<p>La\nrepresentaci\u00f3n legal del Comit\u00e9 de V\u00edctimas se\u00f1al\u00f3 que en esa misma fecha, pero\nen distinto horario, tambi\u00e9n se cit\u00f3 a Renato Sales Heredia, en su calidad de\nComisionado Nacional de Seguridad en la fecha de los hechos.<\/p>\n\n\n\n<p>Las\nentrevistas con los ex funcionarios p\u00fablicos se lograron tras nuevos procesos\nde di\u00e1logos con la FGR, a la que el Comit\u00e9 propuso actos de investigaci\u00f3n, as\u00ed\ncomo direccionar la carpeta de investigaci\u00f3n en las oficinas centrales del\norganismo para alcanzar mayor eficacia.<\/p>\n\n\n\n<p>Destacaron\nque continuar\u00e1n con la demanda ante las instancias de justicia para que los\nfuncionarios del 2016, relacionados con las decisiones del enfrentamiento, sean\nllamado, desde los mandos policiales hasta integrantes del Poder Ejecutivo,\ncomo pretenden que sea con el ex presidente de M\u00e9xico, Enrique Pe\u00f1a Nieto y el\nsecretario de Gobernaci\u00f3n, Miguel \u00c1ngel Osorio Chong.<\/p>\n\n\n\n<p>El abogado\nde las v\u00edctimas agreg\u00f3 que el pr\u00f3ximo 19 de febrero tambi\u00e9n comparecer\u00e1 en la\nFiscal\u00eda General de la Rep\u00fablica, pero San Luis Potos\u00ed, Enrique Francisco\nGalindo Cevallos, ex comisionado General de la Polic\u00eda Federal, quien en tres\nocasiones anteriores argumenta problemas para presentarse.<\/p>\n\n\n\n<p>El ataque\npolicial a la poblaci\u00f3n de Nochixtl\u00e1n e integrantes de la Secci\u00f3n 22 de la CNTE\ndej\u00f3 un saldo de siete personas fallecidas y m\u00e1s 170 manifestantes heridos en\nlos puntos de Nochixtl\u00e1n, crucero de Hacienda Blanca del municipio de Etla y\ncrucero de Viguera en la capital del estado; todos sobre la carretera\ninternacional 190.<\/p>\n","protected":false},"excerpt":{"rendered":"<p>Yuridiana Sosa\/Zona Roja. Oaxaca de Ju\u00e1rez, Oax., 13 de febrero de 2020.- El ex gobernador&hellip;<\/p>\n","protected":false},"author":2,"featured_media":8737,"comment_status":"closed","ping_status":"open","sticky":false,"template":"","format":"standard","meta":{"_lmt_disableupdate":"","_lmt_disable":"","_jetpack_memberships_contains_paid_content":false,"footnotes":""},"categories":[109,47],"tags":[159,105],"class_list":["post-8735","post","type-post","status-publish","format-standard","has-post-thumbnail","hentry","category-minuto-a-minuto","category-zona-gris","tag-comite-de-victimas","tag-gabino-cue-monteagudo"],"jetpack_featured_media_url":"https:\/\/zonaroja.com.mx\/wp-content\/uploads\/2020\/02\/Comit\u00e9-de-V\u00edctimas-Nochixtl\u00e1n-1.jpg","jetpack_sharing_enabled":true,"_links":{"self":[{"href":"https:\/\/zonaroja.com.mx\/index.php?rest_route=\/wp\/v2\/posts\/8735","targetHints":{"allow":["GET"]}}],"collection":[{"href":"https:\/\/zonaroja.com.mx\/index.php?rest_route=\/wp\/v2\/posts"}],"about":[{"href":"https:\/\/zonaroja.com.mx\/index.php?rest_route=\/wp\/v2\/types\/post"}],"author":[{"embeddable":true,"href":"https:\/\/zonaroja.com.mx\/index.php?rest_route=\/wp\/v2\/users\/2"}],"replies":[{"embeddable":true,"href":"https:\/\/zonaroja.com.mx\/index.php?rest_route=%2Fwp%2Fv2%2Fcomments&post=8735"}],"version-history":[{"count":1,"href":"https:\/\/zonaroja.com.mx\/index.php?rest_route=\/wp\/v2\/posts\/8735\/revisions"}],"predecessor-version":[{"id":8738,"href":"https:\/\/zonaroja.com.mx\/index.php?rest_route=\/wp\/v2\/posts\/8735\/revisions\/8738"}],"wp:featuredmedia":[{"embeddable":true,"href":"https:\/\/zonaroja.com.mx\/index.php?rest_route=\/wp\/v2\/media\/8737"}],"wp:attachment":[{"href":"https:\/\/zonaroja.com.mx\/index.php?rest_route=%2Fwp%2Fv2%2Fmedia&parent=8735"}],"wp:term":[{"taxonomy":"category","embeddable":true,"href":"https:\/\/zonaroja.com.mx\/index.php?rest_route=%2Fwp%2Fv2%2Fcategories&post=8735"},{"taxonomy":"post_tag","embeddable":true,"href":"https:\/\/zonaroja.com.mx\/index.php?rest_route=%2Fwp%2Fv2%2Ftags&post=8735"}],"curies":[{"name":"wp","href":"https:\/\/api.w.org\/{rel}","templated":true}]}}