{"id":87351,"date":"2025-11-26T21:45:52","date_gmt":"2025-11-27T03:45:52","guid":{"rendered":"https:\/\/zonaroja.com.mx\/?p=87351"},"modified":"2025-11-26T21:46:00","modified_gmt":"2025-11-27T03:46:00","slug":"detienen-en-la-capital-oaxaquena-a-tres-presuntos-ladrones","status":"publish","type":"post","link":"https:\/\/zonaroja.com.mx\/?p=87351","title":{"rendered":"Detienen en la capital oaxaque\u00f1a a tres presuntos ladrones"},"content":{"rendered":"\n<p>Redacci\u00f3n\/Zona Roja.<\/p>\n\n\n\n<p>Oaxaca, Oax., a 27 de noviembre de 2025.- La oportuna intervenci\u00f3n de elementos de la Direcci\u00f3n de Movilidad del ayuntamiento de Oaxaca de Ju\u00e1rez llev\u00f3 a la detenci\u00f3n de una pareja al ser se\u00f1alada como presunta responsable del delito de robo.<\/p>\n\n\n\n<p>El pasado lunes a las 18:15 horas, el personal de la Secretar\u00eda de Seguridad Vecinal efectuaba recorridos de prevenci\u00f3n y disuasi\u00f3n en el estacionamiento de la Plaza Oaxaca.<\/p>\n\n\n\n<p>En ese momento, observaron que una mujer corr\u00eda detr\u00e1s de un hombre y una mujer, as\u00ed como al verlos, les pidi\u00f3 ayuda, indicando que le hab\u00edan robado su bolso.<\/p>\n\n\n\n<p>Los elementos fueron tras el hombre y la mujer, logrando darle alcance metros adelante, observando que el sujeto portaba el bolso en a mano derecha.<\/p>\n\n\n\n<p>La ofendida identific\u00f3 a las dos personas como quienes le arrebataron su bolso momentos antes, por lo cual pidi\u00f3 su detenci\u00f3n.<\/p>\n\n\n\n<p>Los detenidos dijeron llamarse David E. R. B., de 35 a\u00f1os de edad y Eva G. L. V., de 25 a\u00f1os de edad, as\u00ed como el bolso fue recuperado.<\/p>\n\n\n\n<p>Finalmente, la pareja qued\u00f3 a disposici\u00f3n de la Fiscal\u00eda estatal para continuar con la indagatoria correspondiente.<\/p>\n\n\n\n<p>En otro caso, personal de la Secretar\u00eda de Seguridad Vecinal efectu\u00f3 la detenci\u00f3n de una persona al ser se\u00f1alada como presunta responsable del delito de robo.<\/p>\n\n\n\n<p>La intervenci\u00f3n ocurri\u00f3 anteayer a las 17:20 horas en la prolongaci\u00f3n de Nu\u00f1o del Mercado, luego que, el C-5 alert\u00f3 a elementos de la Direcci\u00f3n de Proximidad Social sobre el robo a la tienda Oxxo ubicada en prolongaci\u00f3n de Valerio Trujano, San Mart\u00edn Mexic\u00e1pam.<\/p>\n\n\n\n<p>Al trasladarse al lugar, los elementos fueron informados que un guardia de seguridad daba seguimiento al presunto responsable, a quien interceptaron en la prolongaci\u00f3n de Nu\u00f1o del Mercado.<\/p>\n\n\n\n<p>Ante el se\u00f1alamiento del guardia, procedieron a la detenci\u00f3n del presunto responsable, quien dijo llamarse Jos\u00e9 D. C. A., de 25 a\u00f1os de edad, quien cargaba una bolsa con diversas mercanc\u00edas, las cuales presuntamente sustrajo de la tienda de conveniencia.<\/p>\n\n\n\n<p>A petici\u00f3n de la parte afectada, el detenido fue consignado a la Fiscal\u00eda estatal para determinar su situaci\u00f3n jur\u00eddica.<\/p>\n","protected":false},"excerpt":{"rendered":"<p>Redacci\u00f3n\/Zona Roja. Oaxaca, Oax., a 27 de noviembre de 2025.- La oportuna intervenci\u00f3n de elementos&hellip;<\/p>\n","protected":false},"author":2,"featured_media":87352,"comment_status":"closed","ping_status":"open","sticky":false,"template":"","format":"standard","meta":{"_lmt_disableupdate":"","_lmt_disable":"","_jetpack_memberships_contains_paid_content":false,"footnotes":""},"categories":[109,46],"tags":[148],"class_list":["post-87351","post","type-post","status-publish","format-standard","has-post-thumbnail","hentry","category-minuto-a-minuto","category-zona-blanca","tag-oaxaca-de-juarez"],"jetpack_featured_media_url":"https:\/\/zonaroja.com.mx\/wp-content\/uploads\/2025\/11\/Ladrones-detenidos-ciudad-de-Oaxaca.jpg","jetpack_sharing_enabled":true,"_links":{"self":[{"href":"https:\/\/zonaroja.com.mx\/index.php?rest_route=\/wp\/v2\/posts\/87351","targetHints":{"allow":["GET"]}}],"collection":[{"href":"https:\/\/zonaroja.com.mx\/index.php?rest_route=\/wp\/v2\/posts"}],"about":[{"href":"https:\/\/zonaroja.com.mx\/index.php?rest_route=\/wp\/v2\/types\/post"}],"author":[{"embeddable":true,"href":"https:\/\/zonaroja.com.mx\/index.php?rest_route=\/wp\/v2\/users\/2"}],"replies":[{"embeddable":true,"href":"https:\/\/zonaroja.com.mx\/index.php?rest_route=%2Fwp%2Fv2%2Fcomments&post=87351"}],"version-history":[{"count":1,"href":"https:\/\/zonaroja.com.mx\/index.php?rest_route=\/wp\/v2\/posts\/87351\/revisions"}],"predecessor-version":[{"id":87353,"href":"https:\/\/zonaroja.com.mx\/index.php?rest_route=\/wp\/v2\/posts\/87351\/revisions\/87353"}],"wp:featuredmedia":[{"embeddable":true,"href":"https:\/\/zonaroja.com.mx\/index.php?rest_route=\/wp\/v2\/media\/87352"}],"wp:attachment":[{"href":"https:\/\/zonaroja.com.mx\/index.php?rest_route=%2Fwp%2Fv2%2Fmedia&parent=87351"}],"wp:term":[{"taxonomy":"category","embeddable":true,"href":"https:\/\/zonaroja.com.mx\/index.php?rest_route=%2Fwp%2Fv2%2Fcategories&post=87351"},{"taxonomy":"post_tag","embeddable":true,"href":"https:\/\/zonaroja.com.mx\/index.php?rest_route=%2Fwp%2Fv2%2Ftags&post=87351"}],"curies":[{"name":"wp","href":"https:\/\/api.w.org\/{rel}","templated":true}]}}