{"id":87354,"date":"2025-11-27T07:15:00","date_gmt":"2025-11-27T13:15:00","guid":{"rendered":"https:\/\/zonaroja.com.mx\/?p=87354"},"modified":"2025-11-27T06:44:18","modified_gmt":"2025-11-27T12:44:18","slug":"diputada-oaxaquena-denuncia-a-cuauhtemoc-blanco-por-violencia-sexual","status":"publish","type":"post","link":"https:\/\/zonaroja.com.mx\/?p=87354","title":{"rendered":"Diputada oaxaque\u00f1a denuncia a Cuauht\u00e9moc Blanco por violencia sexual"},"content":{"rendered":"\n<p>Redacci\u00f3n\/Zona Roja Cdmx.<\/p>\n\n\n\n<p>(Informaci\u00f3n de Expansi\u00f3n Pol\u00edtica)<\/p>\n\n\n\n<p>Ciudad de M\u00e9xico, a 27 de noviembre de 2025.- Martha Aracely Cruz, diputada del PT, denunci\u00f3 al morenista Cuauht\u00e9moc Blanco ante el Comit\u00e9 de \u00c9tica de la C\u00e1mara de Diputados, luego de que \u00e9l le mandara un beso en plena sesi\u00f3n.<\/p>\n\n\n\n<p>Kenia L\u00f3pez, presidenta de la C\u00e1mara Baja, inform\u00f3 que se inici\u00f3 el procedimiento para que el Comit\u00e9 de \u00c9tica, instalado esta semana, proceda de acuerdo con las normas.<\/p>\n\n\n\n<p>Cruz exigi\u00f3 que haya respeto dentro del recinto legislativo. La acci\u00f3n de Blanco ocurri\u00f3 justo en el d\u00eda para erradicar la violencia hacia las mujeres.<\/p>\n\n\n\n<p>\u00abFui objeto de una forma de violencia simb\u00f3lica y sexual: la simulaci\u00f3n de un beso o un gesto que algunos intentan minimizar, pero que constituye una modalidad clara de acoso sexual\u00bb, dijo Aracely Cruz.<\/p>\n\n\n\n<p>La diputada del PT ha se\u00f1alado a Blanco por la denuncia que tiene en contra por la presunta violaci\u00f3n cometida en contra de su media hermana, caso por el que en marzo pasado se rechaz\u00f3 retirarle el fuero para ser investigado.<\/p>\n\n\n\n<p>El diputado morenista Cuauht\u00e9moc Blanco, quien libr\u00f3 esa solicitud de desafuero por presunto intento de violentar a una familiar, fue increpado por la diputada Cruz el martes 25 de noviembre e invitado a abandonar el pleno durante la conmemoraci\u00f3n del D\u00eda Internacional de la Eliminaci\u00f3n de la Violencia contra las Mujeres.<\/p>\n\n\n\n<p>\u201cCuauht\u00e9moc es 25N, salte del pleno porque pues eres un violentador y no puedes estar aqu\u00ed y vamos a empezar con la efem\u00e9ride\u201d, le dijo la diputada petista Aracely Cruz, antes de iniciar la conmemoraci\u00f3n, pero en respuesta el aludido se alej\u00f3 y le \u201cavent\u00f3\u201d un beso al aire.<\/p>\n\n\n\n<p>Cruz, diputada por Oaxaca, dijo que esa respuesta fue una agresi\u00f3n y record\u00f3 \u00ab(Blanco) se va a la esquina y me manda un beso. A m\u00ed eso se me hace violento porque \u00bfme quiere callar con eso?, \u00bfO cu\u00e1l es su intenci\u00f3n?\u00bb.<\/p>\n\n\n\n<p>Hoy en el pleno y en entrevista refrend\u00f3 que la conducta del exfutbolista est\u00e1 cargada de violencia de g\u00e9nero.<\/p>\n\n\n\n<p>\u00abLa violencia simb\u00f3lica no es un juego, el acoso sexual no es un malentendido y la revictimizaci\u00f3n no es una simple falta de empat\u00eda, es una forma de violencia que legitima a los agresores y silencia las v\u00edctimas, por eso hablo hoy\u00bb, dijo la petista en la sesi\u00f3n de este mi\u00e9rcoles.<\/p>\n\n\n\n<figure class=\"wp-block-embed is-type-rich is-provider-twitter wp-block-embed-twitter\"><div class=\"wp-block-embed__wrapper\">\n<div class=\"twitter-tweet\"><blockquote class=\"twitter-tweet\" data-lang=\"es\"><p lang=\"es\" dir=\"ltr\">\u00a1Otra del violentador de mujeres Cuauht\u00e9moc Blanco!<br><br>Ahora la v\u00edctima del legislador por Morena y ex gobernador de Morelos fue la diputada federal oaxaque\u00f1a <a href=\"https:\/\/twitter.com\/MAracely_Cruz?ref_src=twsrc%5Etfw\">@MAracely_Cruz<\/a>. <br><br>En el marco del D\u00eda Internacional para la Eliminaci\u00f3n de la Violencia contra la Mujer, la perista le\u2026 <a href=\"https:\/\/t.co\/ZzIdw9ISfM\">pic.twitter.com\/ZzIdw9ISfM<\/a><\/p>&mdash; Zona Roja Oaxaca (@ZonaRoja_Oaxaca) <a href=\"https:\/\/twitter.com\/ZonaRoja_Oaxaca\/status\/1993869756491772415?ref_src=twsrc%5Etfw\">27 de noviembre de 2025<\/a><\/blockquote><\/div>\n<\/div><\/figure>\n\n\n\n<p>\u00abLo grave no es solo el acto en s\u00ed, que pretendi\u00f3 ridiculizarme, desautorizarme y recordarme que para algunos mi presencia pol\u00edtica sigue siendo un espacio que creen tener derecho a invadir\u00bb, reclam\u00f3 Cruz, diputada por Oaxaca, quien anticip\u00f3 que podr\u00eda proceder legalmente m\u00e1s adelante.<\/p>\n\n\n\n<p>Sin embargo, m\u00e1s tarde el mismo diputado Blanco rechaz\u00f3 haber sido violento o haber tenido intenci\u00f3n de ofender o menospreciar.<\/p>\n\n\n\n<p>\u00abRechazo categ\u00f3ricamente que haya habido una falta de respeto o una conducta que pudiera considerarse violenta\u00bb, dijo en su red social X.<\/p>\n\n\n\n<p>INVESTIGACI\u00d3N CONGELADA<\/p>\n\n\n\n<p>Cruz Jim\u00e9nez record\u00f3 en entrevista que a su juicio Blanco debi\u00f3 enfrentar un desafuero para ser investigado, pero gracias \u201cal sistema\u201d, es decir a los votos de Morena que rechazaron dar inicio a un proceso de desafuero, libr\u00f3 el proceso.<\/p>\n\n\n\n<p>En marzo pasado, con una mayor\u00eda de 291 votos a favor de Morena, una parte del PT y Partido Verde, pero 158 votos del PT y la oposici\u00f3n en contra, adem\u00e1s de dos abstenciones, el pleno desech\u00f3 por \u00bbnotoriamente improcedente\u00bb la solicitud de desafuero de Blanco, acusado de tentativa de violaci\u00f3n sexual por su media hermana Nidia Fabiola Blanco.<\/p>\n\n\n\n<p>El asunto regres\u00f3 a la Fiscal\u00eda de Morelos, pues el argumento fue que no hab\u00eda pruebas suficientes y lejos de ser una exoneraci\u00f3n se buscaba fortalecer el expediente.<\/p>\n\n\n\n<p>La diputada del PT expuso que lo grave es que muchas mujeres salen en defensa de Blanco y la dejan sola en su protesta.<\/p>\n\n\n\n<p>Pero dijo que insistir\u00e1 cada vez que vea a Blanco, \u201cporque esa es la \u00fanica oportunidad que tengo para hacer visible las injusticias y la violencia que vivimos las mujeres y las ni\u00f1as ind\u00edgenas en M\u00e9xico\u201d.<\/p>\n","protected":false},"excerpt":{"rendered":"<p>Redacci\u00f3n\/Zona Roja Cdmx. (Informaci\u00f3n de Expansi\u00f3n Pol\u00edtica) Ciudad de M\u00e9xico, a 27 de noviembre de&hellip;<\/p>\n","protected":false},"author":2,"featured_media":87355,"comment_status":"closed","ping_status":"open","sticky":false,"template":"","format":"standard","meta":{"_lmt_disableupdate":"","_lmt_disable":"","_jetpack_memberships_contains_paid_content":false,"footnotes":""},"categories":[109,46],"tags":[4011,4088],"class_list":["post-87354","post","type-post","status-publish","format-standard","has-post-thumbnail","hentry","category-minuto-a-minuto","category-zona-blanca","tag-aracely-cruz-jimenez","tag-cuauhtemoc-blanco"],"jetpack_featured_media_url":"https:\/\/zonaroja.com.mx\/wp-content\/uploads\/2025\/11\/Martha-Aracely-Cruz-y-Cuauhtemoc-Blanco.jpg","jetpack_sharing_enabled":true,"_links":{"self":[{"href":"https:\/\/zonaroja.com.mx\/index.php?rest_route=\/wp\/v2\/posts\/87354","targetHints":{"allow":["GET"]}}],"collection":[{"href":"https:\/\/zonaroja.com.mx\/index.php?rest_route=\/wp\/v2\/posts"}],"about":[{"href":"https:\/\/zonaroja.com.mx\/index.php?rest_route=\/wp\/v2\/types\/post"}],"author":[{"embeddable":true,"href":"https:\/\/zonaroja.com.mx\/index.php?rest_route=\/wp\/v2\/users\/2"}],"replies":[{"embeddable":true,"href":"https:\/\/zonaroja.com.mx\/index.php?rest_route=%2Fwp%2Fv2%2Fcomments&post=87354"}],"version-history":[{"count":1,"href":"https:\/\/zonaroja.com.mx\/index.php?rest_route=\/wp\/v2\/posts\/87354\/revisions"}],"predecessor-version":[{"id":87356,"href":"https:\/\/zonaroja.com.mx\/index.php?rest_route=\/wp\/v2\/posts\/87354\/revisions\/87356"}],"wp:featuredmedia":[{"embeddable":true,"href":"https:\/\/zonaroja.com.mx\/index.php?rest_route=\/wp\/v2\/media\/87355"}],"wp:attachment":[{"href":"https:\/\/zonaroja.com.mx\/index.php?rest_route=%2Fwp%2Fv2%2Fmedia&parent=87354"}],"wp:term":[{"taxonomy":"category","embeddable":true,"href":"https:\/\/zonaroja.com.mx\/index.php?rest_route=%2Fwp%2Fv2%2Fcategories&post=87354"},{"taxonomy":"post_tag","embeddable":true,"href":"https:\/\/zonaroja.com.mx\/index.php?rest_route=%2Fwp%2Fv2%2Ftags&post=87354"}],"curies":[{"name":"wp","href":"https:\/\/api.w.org\/{rel}","templated":true}]}}