{"id":87360,"date":"2025-11-27T09:10:00","date_gmt":"2025-11-27T15:10:00","guid":{"rendered":"https:\/\/zonaroja.com.mx\/?p=87360"},"modified":"2025-11-27T07:17:52","modified_gmt":"2025-11-27T13:17:52","slug":"en-cateos-detienen-en-el-istmo-a-un-venezolano-presunto-criminal","status":"publish","type":"post","link":"https:\/\/zonaroja.com.mx\/?p=87360","title":{"rendered":"En cateos, detienen en el Istmo a un venezolano, presunto criminal\u00a0"},"content":{"rendered":"\n<p>Redacci\u00f3n\/Zona Roja.&nbsp;<\/p>\n\n\n\n<p>Oaxaca, Oax., a 27 de noviembre de 2025.- La Fiscal\u00eda General del Estado de Oaxaca e instituciones federales ejecutaron \u00f3rdenes de cateo en la regi\u00f3n del Istmo de Tehuantepec, logrando la detenci\u00f3n de dos personas del sexo masculino, as\u00ed como el aseguramiento de diversas dosis de drogas y objetos constitutivos del delito.<\/p>\n\n\n\n<p>El primer mandato judicial se realiz\u00f3 en un domicilio ubicado en la calle Mariano Montero de la colonia Guadalupe, en Juchit\u00e1n de Zaragoza, donde fue detenido un hombre identificado como E.D.F.T., de origen venezolano, adem\u00e1s de asegurar decenas de bolsas con una sustancia granulada con caracter\u00edsticas de la droga conocida como cristal.<\/p>\n\n\n\n<p>El segundo cateo se efectu\u00f3 en un domicilio de la Segunda Secci\u00f3n del municipio El Espinal, donde los agentes aseguraron cartuchos \u00fatiles, diversas bolsas con cristal, tel\u00e9fonos celulares y un pasaporte.<\/p>\n\n\n\n<p>El tercer mandato judicial se ejecut\u00f3 en un domicilio de la Sexta Secci\u00f3n de Juchit\u00e1n de Zaragoza, donde fueron aseguradas m\u00faltiples bolsas con drogas, entre ellas cristal y marihuana, adem\u00e1s de la detenci\u00f3n de un hombre identificado como F.M.V.<\/p>\n\n\n\n<p>Este despliegue estrat\u00e9gico deriva de investigaciones relacionadas con delitos contra la salud en la modalidad de narcomenudeo, en su hip\u00f3tesis de posesi\u00f3n de marihuana, coca\u00edna y cristal con fines de venta.<\/p>\n\n\n\n<p>Las labores de inteligencia de la Fiscal\u00eda de Oaxaca fortalecen las investigaciones ministeriales y consolidan la estrategia estatal de procuraci\u00f3n de justicia en beneficio de la ciudadan\u00eda en las diferentes regiones del estado.<\/p>\n","protected":false},"excerpt":{"rendered":"<p>Redacci\u00f3n\/Zona Roja.&nbsp; Oaxaca, Oax., a 27 de noviembre de 2025.- La Fiscal\u00eda General del Estado&hellip;<\/p>\n","protected":false},"author":2,"featured_media":87361,"comment_status":"closed","ping_status":"open","sticky":false,"template":"","format":"standard","meta":{"_lmt_disableupdate":"","_lmt_disable":"","_jetpack_memberships_contains_paid_content":false,"footnotes":""},"categories":[109,46],"tags":[494],"class_list":["post-87360","post","type-post","status-publish","format-standard","has-post-thumbnail","hentry","category-minuto-a-minuto","category-zona-blanca","tag-fiscalia-general-del-estado-de-oaxaca"],"jetpack_featured_media_url":"https:\/\/zonaroja.com.mx\/wp-content\/uploads\/2025\/11\/Cateos-Istmo-venezolano-detenido-Fiscalia.jpg","jetpack_sharing_enabled":true,"_links":{"self":[{"href":"https:\/\/zonaroja.com.mx\/index.php?rest_route=\/wp\/v2\/posts\/87360","targetHints":{"allow":["GET"]}}],"collection":[{"href":"https:\/\/zonaroja.com.mx\/index.php?rest_route=\/wp\/v2\/posts"}],"about":[{"href":"https:\/\/zonaroja.com.mx\/index.php?rest_route=\/wp\/v2\/types\/post"}],"author":[{"embeddable":true,"href":"https:\/\/zonaroja.com.mx\/index.php?rest_route=\/wp\/v2\/users\/2"}],"replies":[{"embeddable":true,"href":"https:\/\/zonaroja.com.mx\/index.php?rest_route=%2Fwp%2Fv2%2Fcomments&post=87360"}],"version-history":[{"count":1,"href":"https:\/\/zonaroja.com.mx\/index.php?rest_route=\/wp\/v2\/posts\/87360\/revisions"}],"predecessor-version":[{"id":87362,"href":"https:\/\/zonaroja.com.mx\/index.php?rest_route=\/wp\/v2\/posts\/87360\/revisions\/87362"}],"wp:featuredmedia":[{"embeddable":true,"href":"https:\/\/zonaroja.com.mx\/index.php?rest_route=\/wp\/v2\/media\/87361"}],"wp:attachment":[{"href":"https:\/\/zonaroja.com.mx\/index.php?rest_route=%2Fwp%2Fv2%2Fmedia&parent=87360"}],"wp:term":[{"taxonomy":"category","embeddable":true,"href":"https:\/\/zonaroja.com.mx\/index.php?rest_route=%2Fwp%2Fv2%2Fcategories&post=87360"},{"taxonomy":"post_tag","embeddable":true,"href":"https:\/\/zonaroja.com.mx\/index.php?rest_route=%2Fwp%2Fv2%2Ftags&post=87360"}],"curies":[{"name":"wp","href":"https:\/\/api.w.org\/{rel}","templated":true}]}}