{"id":87369,"date":"2025-11-27T11:42:00","date_gmt":"2025-11-27T17:42:00","guid":{"rendered":"https:\/\/zonaroja.com.mx\/?p=87369"},"modified":"2025-11-27T07:49:18","modified_gmt":"2025-11-27T13:49:18","slug":"graves-de-salud-los-guardias-atacados-ayer-en-la-casa-blanca-hay-detenido","status":"publish","type":"post","link":"https:\/\/zonaroja.com.mx\/?p=87369","title":{"rendered":"Graves de salud, los guardias atacados ayer en la Casa Blanca; hay detenido"},"content":{"rendered":"\n<p>Redacci\u00f3n\/Zona Roja.<\/p>\n\n\n\n<p>(Informaci\u00f3n de \u201cLa Jornada\u201d)<\/p>\n\n\n\n<p>Ciudad de M\u00e9xico, a 27 de noviembre de 2025.- Al calificar anoche como \u201cun crimen contra la humanidad\u201d el ataque a tiros contra dos guardias nacionales en Washington, el presidente de Estados Unidos, Donald Trump, confirm\u00f3 el env\u00edo de otros 500 efectivos de ese cuerpo a la capital del pa\u00eds, y amenaz\u00f3 con expulsar a \u201ccualquier extranjero que no aporte nada\u201d a la naci\u00f3n.<\/p>\n\n\n\n<p>El ataque a los guardias, que est\u00e1n en condici\u00f3n cr\u00edtica, ocurri\u00f3 en la esquina de las calles 17 y H, en el cuadrante noroeste de la ciudad, a dos cuadras de la Casa Blanca.<\/p>\n\n\n\n<p>\u201cEste atroz atentado fue un acto de maldad, de odio y de terror. Fue un crimen contra toda nuestra naci\u00f3n, contra la humanidad\u201d, asegur\u00f3 el mandatario, quien se ha negado a reconocer como genocidio el asesinato de unos 100 mil palestinos a manos de Israel, en dos a\u00f1os de guerra en Gaza, como se\u00f1al\u00f3 antier el Instituto Max Planck, con sede en Alemania.<\/p>\n\n\n\n<p>\u201cComo presidente estoy decidido a asegurar que el animal que perpetr\u00f3 esta atrocidad pague el precio m\u00e1s alto posible\u201d, asever\u00f3 Trump al reiterar un mensaje que emiti\u00f3 horas antes en sus redes sociales.<\/p>\n\n\n\n<p>Agreg\u00f3 que \u201cno vamos a tolerar este tipo de ataques contra el orden p\u00fablico por personas que ni siquiera deber\u00edan estar en nuestro pa\u00eds\u201d.<\/p>\n\n\n\n<p>MIGRANTE AFGANO<\/p>\n\n\n\n<p>Manifest\u00f3 que el atacante es un migrante de nacionalidad afgana. Asever\u00f3 que Afganist\u00e1n es \u201cun infierno en la tierra\u201d y acus\u00f3 a su antecesor, el dem\u00f3crata Joe Biden, de permitir el ingreso del individuo en septiembre de 2021, \u201cen esos infames vuelos de los que todos hablaban\u201d.<\/p>\n\n\n\n<p>Biden orden\u00f3 el retiro de las tropas estadunidenses de esa naci\u00f3n asi\u00e1tica tras 20 a\u00f1os de ocupaci\u00f3n. El repliegue, que comenz\u00f3 en mayo de 2021, concluy\u00f3 en agosto de ese a\u00f1o de forma ca\u00f3tica.<\/p>\n\n\n\n<p>Trump anunci\u00f3 en su mensaje anoche que se va a \u201crexaminar a cada extranjero\u201d que haya entrado procedente de Afganist\u00e1n, y advirti\u00f3 que tomar\u00e1 \u201ctodas las medidas necesarias para asegurar la expulsi\u00f3n de cualquier enemigo extranjero, de cualquier pa\u00eds, que no aporte beneficios\u201d.<\/p>\n\n\n\n<p>Antes, el director de la Oficina Federal de Investigaciones (FBI, por sus siglas en ingl\u00e9s), Kash Patel, y la alcaldesa de Washington, Muriel Bowser, confirmaron que los guardias sobrevivieron y se encuentran hospitalizados en estado cr\u00edtico. Seg\u00fan Bowser se trat\u00f3 de un \u201cataque directo\u201d.<\/p>\n\n\n\n<p>El sospechoso de haber iniciado los disparos, que fue detenido, tambi\u00e9n recibi\u00f3 un disparo que no caus\u00f3 heridas potencialmente mortales, indic\u00f3 una fuente a Ap. Uno de los elementos recibi\u00f3 un disparo en la cabeza.<\/p>\n","protected":false},"excerpt":{"rendered":"<p>Redacci\u00f3n\/Zona Roja. (Informaci\u00f3n de \u201cLa Jornada\u201d) Ciudad de M\u00e9xico, a 27 de noviembre de 2025.-&hellip;<\/p>\n","protected":false},"author":2,"featured_media":87370,"comment_status":"closed","ping_status":"open","sticky":false,"template":"","format":"standard","meta":{"_lmt_disableupdate":"","_lmt_disable":"","_jetpack_memberships_contains_paid_content":false,"footnotes":""},"categories":[109,47],"tags":[3399],"class_list":["post-87369","post","type-post","status-publish","format-standard","has-post-thumbnail","hentry","category-minuto-a-minuto","category-zona-gris","tag-tiroteos-estados-unidos"],"jetpack_featured_media_url":"https:\/\/zonaroja.com.mx\/wp-content\/uploads\/2025\/11\/Guardias-baleados-Casa-Blanca.jpg","jetpack_sharing_enabled":true,"_links":{"self":[{"href":"https:\/\/zonaroja.com.mx\/index.php?rest_route=\/wp\/v2\/posts\/87369","targetHints":{"allow":["GET"]}}],"collection":[{"href":"https:\/\/zonaroja.com.mx\/index.php?rest_route=\/wp\/v2\/posts"}],"about":[{"href":"https:\/\/zonaroja.com.mx\/index.php?rest_route=\/wp\/v2\/types\/post"}],"author":[{"embeddable":true,"href":"https:\/\/zonaroja.com.mx\/index.php?rest_route=\/wp\/v2\/users\/2"}],"replies":[{"embeddable":true,"href":"https:\/\/zonaroja.com.mx\/index.php?rest_route=%2Fwp%2Fv2%2Fcomments&post=87369"}],"version-history":[{"count":1,"href":"https:\/\/zonaroja.com.mx\/index.php?rest_route=\/wp\/v2\/posts\/87369\/revisions"}],"predecessor-version":[{"id":87371,"href":"https:\/\/zonaroja.com.mx\/index.php?rest_route=\/wp\/v2\/posts\/87369\/revisions\/87371"}],"wp:featuredmedia":[{"embeddable":true,"href":"https:\/\/zonaroja.com.mx\/index.php?rest_route=\/wp\/v2\/media\/87370"}],"wp:attachment":[{"href":"https:\/\/zonaroja.com.mx\/index.php?rest_route=%2Fwp%2Fv2%2Fmedia&parent=87369"}],"wp:term":[{"taxonomy":"category","embeddable":true,"href":"https:\/\/zonaroja.com.mx\/index.php?rest_route=%2Fwp%2Fv2%2Fcategories&post=87369"},{"taxonomy":"post_tag","embeddable":true,"href":"https:\/\/zonaroja.com.mx\/index.php?rest_route=%2Fwp%2Fv2%2Ftags&post=87369"}],"curies":[{"name":"wp","href":"https:\/\/api.w.org\/{rel}","templated":true}]}}