{"id":87372,"date":"2025-11-27T13:00:00","date_gmt":"2025-11-27T19:00:00","guid":{"rendered":"https:\/\/zonaroja.com.mx\/?p=87372"},"modified":"2025-11-27T07:53:34","modified_gmt":"2025-11-27T13:53:34","slug":"el-dif-municipal-de-oaxaca-de-juarez-invita-a-participar-en-la-colecta-de-cobijas","status":"publish","type":"post","link":"https:\/\/zonaroja.com.mx\/?p=87372","title":{"rendered":"El DIF Municipal de Oaxaca de Ju\u00e1rez invita a participar en la colecta de cobijas"},"content":{"rendered":"\n<p>Redacci\u00f3n\/Zona Roja.<\/p>\n\n\n\n<p>Oaxaca, Oax., a 27 de noviembre de 2025.- El ayuntamiento de Oaxaca de Ju\u00e1rez, a trav\u00e9s del DIF Municipal que preside la se\u00f1ora Gaby Garc\u00eda, llevar\u00e1 a cabo la colecta vecinal \u201cCobijando Corazones 2025\u201d, una iniciativa que busca reunir prendas de abrigo para apoyar a familias en situaci\u00f3n de vulnerabilidad durante la temporada invernal.<\/p>\n\n\n\n<p>La actividad se realizar\u00e1 en el Centro Comercial Reforma, donde este viernes 28 de noviembre se instalar\u00e1 el punto de acopio que operar\u00e1 de 09:00 a 18:00 horas. Las y los ciudadanos podr\u00e1n donar chamarras, su\u00e9teres o cobijas &nbsp;en buen estado, contribuyendo a llevar abrigo a quienes m\u00e1s lo necesitan.<\/p>\n\n\n\n<p>Con esta campa\u00f1a, el ayuntamiento que encabeza Ray Chagoya reafirma su compromiso de impulsar acciones solidarias que fortalecen el tejido social y fomentan la participaci\u00f3n de las vecinas y vecinos. Adem\u00e1s, quienes acudan a realizar su donaci\u00f3n podr\u00e1n tomarse una fotograf\u00eda gratuita en el set navide\u00f1o preparado para esta actividad.<\/p>\n\n\n\n<p>El Gobierno Municipal hace un llamado a toda la ciudadan\u00eda para sumarse a este esfuerzo comunitario que une, acompa\u00f1a y abriga.<\/p>\n","protected":false},"excerpt":{"rendered":"<p>Redacci\u00f3n\/Zona Roja. Oaxaca, Oax., a 27 de noviembre de 2025.- El ayuntamiento de Oaxaca de&hellip;<\/p>\n","protected":false},"author":2,"featured_media":87373,"comment_status":"closed","ping_status":"open","sticky":false,"template":"","format":"standard","meta":{"_lmt_disableupdate":"","_lmt_disable":"","_jetpack_memberships_contains_paid_content":false,"footnotes":""},"categories":[109,46],"tags":[148],"class_list":["post-87372","post","type-post","status-publish","format-standard","has-post-thumbnail","hentry","category-minuto-a-minuto","category-zona-blanca","tag-oaxaca-de-juarez"],"jetpack_featured_media_url":"https:\/\/zonaroja.com.mx\/wp-content\/uploads\/2025\/11\/Cobijas-frio.jpg","jetpack_sharing_enabled":true,"_links":{"self":[{"href":"https:\/\/zonaroja.com.mx\/index.php?rest_route=\/wp\/v2\/posts\/87372","targetHints":{"allow":["GET"]}}],"collection":[{"href":"https:\/\/zonaroja.com.mx\/index.php?rest_route=\/wp\/v2\/posts"}],"about":[{"href":"https:\/\/zonaroja.com.mx\/index.php?rest_route=\/wp\/v2\/types\/post"}],"author":[{"embeddable":true,"href":"https:\/\/zonaroja.com.mx\/index.php?rest_route=\/wp\/v2\/users\/2"}],"replies":[{"embeddable":true,"href":"https:\/\/zonaroja.com.mx\/index.php?rest_route=%2Fwp%2Fv2%2Fcomments&post=87372"}],"version-history":[{"count":1,"href":"https:\/\/zonaroja.com.mx\/index.php?rest_route=\/wp\/v2\/posts\/87372\/revisions"}],"predecessor-version":[{"id":87374,"href":"https:\/\/zonaroja.com.mx\/index.php?rest_route=\/wp\/v2\/posts\/87372\/revisions\/87374"}],"wp:featuredmedia":[{"embeddable":true,"href":"https:\/\/zonaroja.com.mx\/index.php?rest_route=\/wp\/v2\/media\/87373"}],"wp:attachment":[{"href":"https:\/\/zonaroja.com.mx\/index.php?rest_route=%2Fwp%2Fv2%2Fmedia&parent=87372"}],"wp:term":[{"taxonomy":"category","embeddable":true,"href":"https:\/\/zonaroja.com.mx\/index.php?rest_route=%2Fwp%2Fv2%2Fcategories&post=87372"},{"taxonomy":"post_tag","embeddable":true,"href":"https:\/\/zonaroja.com.mx\/index.php?rest_route=%2Fwp%2Fv2%2Ftags&post=87372"}],"curies":[{"name":"wp","href":"https:\/\/api.w.org\/{rel}","templated":true}]}}