{"id":87384,"date":"2025-11-27T17:59:54","date_gmt":"2025-11-27T23:59:54","guid":{"rendered":"https:\/\/zonaroja.com.mx\/?p=87384"},"modified":"2025-11-27T19:14:18","modified_gmt":"2025-11-28T01:14:18","slug":"segun-el-inegi-oaxaca-ocupa-el-primer-lugar-nacional-en-informalidad-labora","status":"publish","type":"post","link":"https:\/\/zonaroja.com.mx\/?p=87384","title":{"rendered":"Seg\u00fan el Inegi, Oaxaca ocupa el primer lugar nacional en informalidad laboral"},"content":{"rendered":"\n<p>Lisbeth Mej\u00eda Reyes\/Zona Roja.<\/p>\n\n\n\n<p>Oaxaca, Oax., a 27 de noviembre de 2025.- Con el 80.1 por ciento de su poblaci\u00f3n ocupada en esta situaci\u00f3n, el estado de Oaxaca nuevamente est\u00e1 en el primer lugar de informalidad laboral del pa\u00eds, de acuerdo con los resultados del tercer trimestre del a\u00f1o de la Encuesta Nacional de Ocupaci\u00f3n y Empleo (ENOE) del Instituto Nacional de Estad\u00edstica y Geograf\u00eda (Inegi).<\/p>\n\n\n\n<p>Oaxaca estuvo en el mismo sitio en el segundo trimestre del a\u00f1o, aunque para entonces su porcentaje de informalidad era del 78.5.<\/p>\n\n\n\n<p>Hasta septiembre, a la entidad le siguen en porcentaje de informalidad Guerrero (77.2 por ciento) y Chiapas (con el 77 por ciento). En tanto, los estados de Nuevo Le\u00f3n y Coahuila presentaron los porcentajes m\u00e1s bajos de informalidad, con 34.2 y 33.3 por ciento, respectivamente.<\/p>\n\n\n\n<p>En el reporte m\u00e1s reciente de la ENOE, publicado este 26 de noviembre, el instituto detalla que hasta septiembre de este a\u00f1o en Oaxaca hab\u00eda un mill\u00f3n 853 mil 382 personas ocupadas.&nbsp;<\/p>\n\n\n\n<p>Es decir, personas de 15 y m\u00e1s a\u00f1os de edad que realizaron alguna actividad econ\u00f3mica durante al menos una hora, que manten\u00edan un v\u00ednculo laboral o que apoyaron en alguna actividad econ\u00f3mica sin recibir un pago en el periodo sobre el cual se les pregunt\u00f3.<\/p>\n\n\n\n<p>Sin embargo, de ese total, 1.5 millones de personas estaban en la informalidad laboral (el 80.1 por ciento de la poblaci\u00f3n ocupada).&nbsp;<\/p>\n\n\n\n<p>De acuerdo con el INEGI, quienes est\u00e1n en la informalidad laboral son vulnerables por la naturaleza de la unidad econ\u00f3mica para la que trabajan, pues carecen de prestaciones como la prima vacacional, derechos al aguinaldo o a un servicio m\u00e9dico, entre otros, a pesar de estar trabajando en alguna empresa o unidad econ\u00f3mica.<\/p>\n\n\n\n<p>\u00abContempla a las personas cuyo v\u00ednculo o dependencia laboral no reconoce su fuente &nbsp;de trabajo. Se incluyen \u2014adem\u00e1s de la poblaci\u00f3n que trabaja en micronegocios no registrados&nbsp;o sector informal\u2014 otras modalidades an\u00e1logas, como las y los ocupados por cuenta propia en la agricultura de subsistencia, as\u00ed como a quienes laboran sin seguridad social y cuyos servicios los utilizan las unidades econ\u00f3micas registradas\u00bb, explica el Inegi.<\/p>\n","protected":false},"excerpt":{"rendered":"<p>Lisbeth Mej\u00eda Reyes\/Zona Roja. Oaxaca, Oax., a 27 de noviembre de 2025.- Con el 80.1&hellip;<\/p>\n","protected":false},"author":2,"featured_media":87385,"comment_status":"closed","ping_status":"open","sticky":false,"template":"","format":"standard","meta":{"_lmt_disableupdate":"","_lmt_disable":"","_jetpack_memberships_contains_paid_content":false,"footnotes":""},"categories":[109,47],"tags":[],"class_list":["post-87384","post","type-post","status-publish","format-standard","has-post-thumbnail","hentry","category-minuto-a-minuto","category-zona-gris"],"jetpack_featured_media_url":"https:\/\/zonaroja.com.mx\/wp-content\/uploads\/2025\/11\/Vendedores-ambulantes-Oaxaca.jpg","jetpack_sharing_enabled":true,"_links":{"self":[{"href":"https:\/\/zonaroja.com.mx\/index.php?rest_route=\/wp\/v2\/posts\/87384","targetHints":{"allow":["GET"]}}],"collection":[{"href":"https:\/\/zonaroja.com.mx\/index.php?rest_route=\/wp\/v2\/posts"}],"about":[{"href":"https:\/\/zonaroja.com.mx\/index.php?rest_route=\/wp\/v2\/types\/post"}],"author":[{"embeddable":true,"href":"https:\/\/zonaroja.com.mx\/index.php?rest_route=\/wp\/v2\/users\/2"}],"replies":[{"embeddable":true,"href":"https:\/\/zonaroja.com.mx\/index.php?rest_route=%2Fwp%2Fv2%2Fcomments&post=87384"}],"version-history":[{"count":2,"href":"https:\/\/zonaroja.com.mx\/index.php?rest_route=\/wp\/v2\/posts\/87384\/revisions"}],"predecessor-version":[{"id":87390,"href":"https:\/\/zonaroja.com.mx\/index.php?rest_route=\/wp\/v2\/posts\/87384\/revisions\/87390"}],"wp:featuredmedia":[{"embeddable":true,"href":"https:\/\/zonaroja.com.mx\/index.php?rest_route=\/wp\/v2\/media\/87385"}],"wp:attachment":[{"href":"https:\/\/zonaroja.com.mx\/index.php?rest_route=%2Fwp%2Fv2%2Fmedia&parent=87384"}],"wp:term":[{"taxonomy":"category","embeddable":true,"href":"https:\/\/zonaroja.com.mx\/index.php?rest_route=%2Fwp%2Fv2%2Fcategories&post=87384"},{"taxonomy":"post_tag","embeddable":true,"href":"https:\/\/zonaroja.com.mx\/index.php?rest_route=%2Fwp%2Fv2%2Ftags&post=87384"}],"curies":[{"name":"wp","href":"https:\/\/api.w.org\/{rel}","templated":true}]}}