{"id":87387,"date":"2025-11-27T19:06:01","date_gmt":"2025-11-28T01:06:01","guid":{"rendered":"https:\/\/zonaroja.com.mx\/?p=87387"},"modified":"2025-11-27T19:06:03","modified_gmt":"2025-11-28T01:06:03","slug":"confirman-que-suspension-del-ayuntamiento-de-la-reforma-es-ilegal-segun-la-scjn","status":"publish","type":"post","link":"https:\/\/zonaroja.com.mx\/?p=87387","title":{"rendered":"Confirman que suspensi\u00f3n del ayuntamiento de La Reforma es ilegal, seg\u00fan la SCJN"},"content":{"rendered":"\n<p>Raymundo Morales\/Zona Roja.<\/p>\n\n\n\n<p>Oaxaca, Oax., a 27 de noviembre de 2025.- El Centro de Derechos Humanos y Asesor\u00eda a Pueblos Ind\u00edgenas (Cedhapi) confirm\u00f3 la determinaci\u00f3n de la Suprema Corte de Justicia de la Naci\u00f3n (SCJN), que declar\u00f3 inv\u00e1lida la resoluci\u00f3n del Congreso del Estado, en que decret\u00f3 la suspensi\u00f3n del ayuntamiento de La Reforma.<\/p>\n\n\n\n<p>El decreto anticonstitucional es el n\u00famero 2329, emitido y aprobado por el pleno de la 65 quinta Legislatura de Oaxaca, en sesi\u00f3n extraordinaria de fecha 3 de julio del 2024.<\/p>\n\n\n\n<p>El pasado 10 de noviembre, la SCJN la declar\u00f3 inv\u00e1lida, ante la controversia constitucional n\u00famero 216\/2024.<\/p>\n\n\n\n<p>\u201cSe declara la invalidez del Decreto N\u00fam. 2329, mediante el cual declara procedente la suspensi\u00f3n del Honorable Ayuntamiento Constitucional del Municipio de La Reforma, Distrito de Putla, Oaxaca electo para el periodo constitucional 2023-2025, en virtud de haberse iniciado el procedimiento de desaparici\u00f3n del ayuntamiento por la causal prevista en la fracci\u00f3n IV del art\u00edculo 58 de la Ley Org\u00e1nica Municipal del Estado de Oaxaca, publicado en el Peri\u00f3dico Oficial&nbsp;de dicha entidad federativa el veinte de julio de dos mil veinticuatro, la cual surtir\u00e1 sus efectos a partir de la notificaci\u00f3n de estos puntos resolutivos al Congreso de dicho estado!, refiere la resoluci\u00f3n.<\/p>\n\n\n\n<p>De acuerdo con Cedhapi, tras la destituci\u00f3n, fueron nombrados primeramente el comisionado provisional Fernando Molina Alc\u00e1ntara y posteriormente el comisionado Alexis Carballo Fuentevilla quien hasta el momento funge como comisionado provisional en el municipio de La Reforma.<\/p>\n\n\n\n<p>\u201cCabe referir que la Secretar\u00eda General de Gobierno en contubernio y por medio del Comisionado Alexis Carballo Fuentevilla avalaron el nombramiento de las autoridades municipales de La Reforma para el periodo 2026-2028, en donde participaron solo las comunidades de la Estanzuela Grande y R\u00edo Tigre, participando solo el 10% de los ciudadanos de la cabecera municipal de La Reforma.<\/p>\n\n\n\n<p>\u201cTampoco participaron las agencias municipales de El Porvenir, el n\u00facleo rural de la Nueva Esperanza, efectu\u00e1ndose dicha elecci\u00f3n en la cabecera municipal, obligando a muchas personas a participar amenaz\u00e1ndolos que se les impondr\u00eda una multa si no asist\u00edan, imponiendo como autoridades a personas que fueron responsables de la retenci\u00f3n ilegal del ex presidente municipal Cipriano Arturo Guzm\u00e1n Boh\u00f3rquez\u201d, detall\u00f3.&nbsp;&nbsp;<\/p>\n\n\n\n<p>El organismo civil que preside Maurilio Santiago Reyes, rechaz\u00f3 que se haya configurado el acto de ingobernabilidad en La Reforma, como argument\u00f3 el Congreso.<\/p>\n\n\n\n<p>\u201cEn los hechos no era as\u00ed, lo que exist\u00eda era la comisi\u00f3n el delito de secuestro del presidente municipal Cipriano Arturo Guzm\u00e1n Boh\u00f3rquez, as\u00ed como de los se\u00f1ores Victoriano Alfaro Caballero, Antonio El\u00edas M\u00e9ndez&nbsp;Sarmiento y Florentino Ortiz Heras, ya que el d\u00eda s\u00e1bado 18 de mayo del 2024, aproximadamente a las ocho de la noche en el paraje conocido como \u201cCarrizal\u201d fueron interceptados por un grupo de personas armadas de las comunidades de Estanzuela Grande y R\u00edo Tigre, quienes viajaban a bordo de varias camionetas, estando 47 d\u00edas privados de su libertad en la comunidad de Estanzuela Grande, y a pesar de que ya existen \u00f3rdenes de aprehensi\u00f3n libradas contra algunos responsables de este hecho, hasta el momento no ha sido detenida ninguna persona\u201d, destac\u00f3.<\/p>\n","protected":false},"excerpt":{"rendered":"<p>Raymundo Morales\/Zona Roja. Oaxaca, Oax., a 27 de noviembre de 2025.- El Centro de Derechos&hellip;<\/p>\n","protected":false},"author":2,"featured_media":87388,"comment_status":"closed","ping_status":"open","sticky":false,"template":"","format":"standard","meta":{"_lmt_disableupdate":"","_lmt_disable":"","_jetpack_memberships_contains_paid_content":false,"footnotes":""},"categories":[109,47],"tags":[3951],"class_list":["post-87387","post","type-post","status-publish","format-standard","has-post-thumbnail","hentry","category-minuto-a-minuto","category-zona-gris","tag-la-reforma-putla"],"jetpack_featured_media_url":"https:\/\/zonaroja.com.mx\/wp-content\/uploads\/2025\/11\/La-Reforma-Putla.jpg","jetpack_sharing_enabled":true,"_links":{"self":[{"href":"https:\/\/zonaroja.com.mx\/index.php?rest_route=\/wp\/v2\/posts\/87387","targetHints":{"allow":["GET"]}}],"collection":[{"href":"https:\/\/zonaroja.com.mx\/index.php?rest_route=\/wp\/v2\/posts"}],"about":[{"href":"https:\/\/zonaroja.com.mx\/index.php?rest_route=\/wp\/v2\/types\/post"}],"author":[{"embeddable":true,"href":"https:\/\/zonaroja.com.mx\/index.php?rest_route=\/wp\/v2\/users\/2"}],"replies":[{"embeddable":true,"href":"https:\/\/zonaroja.com.mx\/index.php?rest_route=%2Fwp%2Fv2%2Fcomments&post=87387"}],"version-history":[{"count":1,"href":"https:\/\/zonaroja.com.mx\/index.php?rest_route=\/wp\/v2\/posts\/87387\/revisions"}],"predecessor-version":[{"id":87389,"href":"https:\/\/zonaroja.com.mx\/index.php?rest_route=\/wp\/v2\/posts\/87387\/revisions\/87389"}],"wp:featuredmedia":[{"embeddable":true,"href":"https:\/\/zonaroja.com.mx\/index.php?rest_route=\/wp\/v2\/media\/87388"}],"wp:attachment":[{"href":"https:\/\/zonaroja.com.mx\/index.php?rest_route=%2Fwp%2Fv2%2Fmedia&parent=87387"}],"wp:term":[{"taxonomy":"category","embeddable":true,"href":"https:\/\/zonaroja.com.mx\/index.php?rest_route=%2Fwp%2Fv2%2Fcategories&post=87387"},{"taxonomy":"post_tag","embeddable":true,"href":"https:\/\/zonaroja.com.mx\/index.php?rest_route=%2Fwp%2Fv2%2Ftags&post=87387"}],"curies":[{"name":"wp","href":"https:\/\/api.w.org\/{rel}","templated":true}]}}