{"id":87397,"date":"2025-11-27T21:01:31","date_gmt":"2025-11-28T03:01:31","guid":{"rendered":"https:\/\/zonaroja.com.mx\/?p=87397"},"modified":"2025-11-27T21:01:33","modified_gmt":"2025-11-28T03:01:33","slug":"senado-acepta-renuncia-de-gertz-manero-abre-proceso-para-nuevo-titular-de-fgr","status":"publish","type":"post","link":"https:\/\/zonaroja.com.mx\/?p=87397","title":{"rendered":"Senado acepta renuncia de Gertz Manero: abre proceso para nuevo titular de FGR"},"content":{"rendered":"\n<p>Redacci\u00f3n\/Zona Roja Cdmx.<\/p>\n\n\n\n<p>(Informaci\u00f3n de Infobae M\u00e9xico)<\/p>\n\n\n\n<p>Ciudad de M\u00e9xico, a 27 de noviembre de 2025.- El Pleno del Senado de la Rep\u00fablica acept\u00f3 por mayor\u00eda calificada, este jueves despu\u00e9s de las 18:00 horas, la carta de renuncia de Alejandro Gertz Manero como Fiscal General de la Rep\u00fablica.<\/p>\n\n\n\n<p>Con 74 votos a favor de aceptar la renuncia de Alejandro Gertz Manero, y 22 en contra, el Senado aval\u00f3 su salida, con lo que la C\u00e1mara alta inici\u00f3 el proceso su su relevo en la FGR.<\/p>\n\n\n\n<p>Laura Itzel Castillo, presidenta de la Mesa Directiva, orden\u00f3 dar cuenta de esta resoluci\u00f3n a la presidenta Claudia Sheinbaum Pardo, as\u00ed como al propio Alejandro Gertz Manero.<\/p>\n\n\n\n<p>De inmediato, la Mesa Directiva integr\u00f3 a la orden del d\u00eda la emisi\u00f3n de la convocatoria para designar a la persona titular de la Fiscal\u00eda General de la Rep\u00fablica.<\/p>\n\n\n\n<p>La Mesa Directiva se\u00f1al\u00f3 que la convocatoria estar\u00e1 abierta a partir del viernes 28 hasta el domingo 30 de noviembre, periodo en el que las personas aspirantes deber\u00e1n enviar su documentaci\u00f3n, acompa\u00f1ada de un ensayo y un an\u00e1lisis sobre la problem\u00e1tica del pa\u00eds en materia de justicia y seguridad.<\/p>\n\n\n\n<p>Desde ahora se mencionan los nombres de figuras como Ernestina Godoy y Arturo Zald\u00edvar como los principales aspirantes a tomar las riendas de la FGR.<\/p>\n\n\n\n<p>La Junta de Coordinaci\u00f3n Pol\u00edtica (Jucopo) ,presidida por el morenista Ad\u00e1n Augusto L\u00f3pez, ser\u00e1 la encargada de conducir el proceso de convocatoria y selecci\u00f3n de perfiles.<\/p>\n\n\n\n<p>Ser\u00e1 la pr\u00f3xima semana cuando la Jucopo elabore una lista de los diez mejores perfiles, los cuales enviar\u00e1 a la presidenta Claudia Sheinbaum.<\/p>\n\n\n\n<p>De ese modo, la presidenta de la Rep\u00fablica elegir\u00e1 una terna que regresar\u00e1 al Senado para la designaci\u00f3n, la cual debe ser por mayor\u00eda calificada.<\/p>\n\n\n\n<p>El Senado adelant\u00f3 que la persona sucesora de Gertz Manero, adem\u00e1s de cumplir con los requisitos formales, deber\u00e1 poseer un perfil altamente t\u00e9cnico, pues el cargo implica la responsabilidad de conducir al Ministerio P\u00fablico de la Federaci\u00f3n.<\/p>\n\n\n\n<p>VOTACI\u00d3N URGENTE<\/p>\n\n\n\n<p>Antes se someter a votaci\u00f3n la renuncia, Laura Itzel Castillo destac\u00f3 la relevancia del asunto y solicit\u00f3 a la Asamblea dispensar los tr\u00e1mites al documento por tratarse de un asunto de urgente resoluci\u00f3n, y as\u00ed, someti\u00f3 la renuncia a votaci\u00f3n de los legisladores.<\/p>\n\n\n\n<p>De manera un\u00e1nime, los legisladores aceptaron dispensar los tr\u00e1mites y discutir de manera inmediata la salida del titular de la FGR, por tratarse de un asunto de relevancia nacional.<\/p>\n\n\n\n<p>Clemente Casta\u00f1eda, coordinador de Movimiento Ciudadano, se\u00f1al\u00f3 que su fracci\u00f3n parlamentaria votar\u00e1 en contra debido a que la intenci\u00f3n de cambiar de cargo (a embajador) no debe aceptarse como una causa grave.<\/p>\n\n\n\n<p>Las bancadas del PRI y del PAN tambi\u00e9n se pronunciaron en contra de aceptar la renuncia, pues consideraron que se trata de un movimiento pol\u00edtico y no un caso grave, como se\u00f1ala la ley.<\/p>\n\n\n\n<p>Por su parte, el Partido Verde reconoci\u00f3 que la ley estipula que el cargo es irrenunciable, pero consider\u00f3 que tomar la \u201cliteralidad de la ley ser\u00eda un absurdo jur\u00eddico\u201d, pues no hay causa m\u00e1s grave que \u201cuna persona ya no quiera seguir al frente de la responsabilidad\u201d.<\/p>\n\n\n\n<p>Por esta raz\u00f3n, el PVEM propuso dar comienzo al proceso de selecci\u00f3n de un nuevo, o nueva, fiscal General de la Rep\u00fablica.<\/p>\n","protected":false},"excerpt":{"rendered":"<p>Redacci\u00f3n\/Zona Roja Cdmx. (Informaci\u00f3n de Infobae M\u00e9xico) Ciudad de M\u00e9xico, a 27 de noviembre de&hellip;<\/p>\n","protected":false},"author":2,"featured_media":87398,"comment_status":"closed","ping_status":"open","sticky":false,"template":"","format":"standard","meta":{"_lmt_disableupdate":"","_lmt_disable":"","_jetpack_memberships_contains_paid_content":false,"footnotes":""},"categories":[109,47],"tags":[1266],"class_list":["post-87397","post","type-post","status-publish","format-standard","has-post-thumbnail","hentry","category-minuto-a-minuto","category-zona-gris","tag-alejandro-gertz-manero"],"jetpack_featured_media_url":"https:\/\/zonaroja.com.mx\/wp-content\/uploads\/2025\/11\/Alejandro-Gertz-Manero.jpeg","jetpack_sharing_enabled":true,"_links":{"self":[{"href":"https:\/\/zonaroja.com.mx\/index.php?rest_route=\/wp\/v2\/posts\/87397","targetHints":{"allow":["GET"]}}],"collection":[{"href":"https:\/\/zonaroja.com.mx\/index.php?rest_route=\/wp\/v2\/posts"}],"about":[{"href":"https:\/\/zonaroja.com.mx\/index.php?rest_route=\/wp\/v2\/types\/post"}],"author":[{"embeddable":true,"href":"https:\/\/zonaroja.com.mx\/index.php?rest_route=\/wp\/v2\/users\/2"}],"replies":[{"embeddable":true,"href":"https:\/\/zonaroja.com.mx\/index.php?rest_route=%2Fwp%2Fv2%2Fcomments&post=87397"}],"version-history":[{"count":1,"href":"https:\/\/zonaroja.com.mx\/index.php?rest_route=\/wp\/v2\/posts\/87397\/revisions"}],"predecessor-version":[{"id":87399,"href":"https:\/\/zonaroja.com.mx\/index.php?rest_route=\/wp\/v2\/posts\/87397\/revisions\/87399"}],"wp:featuredmedia":[{"embeddable":true,"href":"https:\/\/zonaroja.com.mx\/index.php?rest_route=\/wp\/v2\/media\/87398"}],"wp:attachment":[{"href":"https:\/\/zonaroja.com.mx\/index.php?rest_route=%2Fwp%2Fv2%2Fmedia&parent=87397"}],"wp:term":[{"taxonomy":"category","embeddable":true,"href":"https:\/\/zonaroja.com.mx\/index.php?rest_route=%2Fwp%2Fv2%2Fcategories&post=87397"},{"taxonomy":"post_tag","embeddable":true,"href":"https:\/\/zonaroja.com.mx\/index.php?rest_route=%2Fwp%2Fv2%2Ftags&post=87397"}],"curies":[{"name":"wp","href":"https:\/\/api.w.org\/{rel}","templated":true}]}}