{"id":87406,"date":"2025-11-28T07:11:17","date_gmt":"2025-11-28T13:11:17","guid":{"rendered":"https:\/\/zonaroja.com.mx\/?p=87406"},"modified":"2025-11-28T07:11:19","modified_gmt":"2025-11-28T13:11:19","slug":"oaxaca-sede-de-encuentro-nacional-del-inegi-y-de-organos-del-ine","status":"publish","type":"post","link":"https:\/\/zonaroja.com.mx\/?p=87406","title":{"rendered":"Oaxaca, sede de encuentro nacional del Inegi y de \u00f3rganos del INE"},"content":{"rendered":"\n<p>Redacci\u00f3n\/Zona Roja.&nbsp;<\/p>\n\n\n\n<p>Oaxaca, Oax., a 28 de noviembre de 2025.- El gobernador Salom\u00f3n Jara Cruz inaugur\u00f3 el tercer Encuentro Regional de Institutos, Tribunales Electorales e Instituto Nacional Electoral (INE) 2025, encaminado a enriquecer la labor jurisdiccional, para asegurar un sistema democr\u00e1tico acorde a las exigencias ciudadanas de los tiempos actuales.<\/p>\n\n\n\n<p>En presencia de autoridades en esta materia, proveniente de los estados de Campeche, Chiapas, Oaxaca, Quintana Roo, Tabasco, Yucat\u00e1n y Veracruz, que integran la tercera circunscripci\u00f3n plurinominal, el mandatario estatal asegur\u00f3 que esta reuni\u00f3n fortalece la gobernanza judicial y la certeza electoral en toda la regi\u00f3n, garantizando los derechos en esta materia.<\/p>\n\n\n\n<p>\u201cDesde nuestro gobierno, que denominamos Primavera Oaxaque\u00f1a, reconocemos que la democracia es un bien com\u00fan que debemos resguardar entre todas y todos. Por ello, refrendamos nuestra disposici\u00f3n plena para seguir colaborando en la construcci\u00f3n de procesos electorales m\u00e1s fortalecidos, m\u00e1s inclusivos y m\u00e1s sociales\u201d, enfatiz\u00f3.<\/p>\n\n\n\n<p>Por su parte, el magistrado presidente de la Sala Superior del Tribunal Electoral del Poder Judicial de la Federaci\u00f3n (TEPJF), Gilberto B\u00e1tiz Garc\u00eda dijo que la verdadera justicia se explica, se comunica, escucha al territorio y debe responder a contextos concretos.<\/p>\n\n\n\n<p>\u201cLa justicia electoral solamente nos va a servir si la poblaci\u00f3n la siente como propia y la hace parte de su vida\u201d, agreg\u00f3.<\/p>\n\n\n\n<p>Asimismo, el presidente del \u00d3rgano de Administraci\u00f3n Judicial, N\u00e9stor Vargas Solano detall\u00f3 que, en esta instancia, trabaja en las necesidades de interconexi\u00f3n digital, que por muchos a\u00f1os estuvieron abandonadas; para reforzar la impartici\u00f3n de justicia con las instituciones estatales en la materia.<\/p>\n\n\n\n<p>Durante dos d\u00edas, magistradas y magistrados electorales abordar\u00e1n tem\u00e1ticas, como: ciudadan\u00edas m\u00faltiples, interculturalidad, igualdad sustantiva, derechos pol\u00edticos electorales de grupos hist\u00f3ricamente vulnerados y democracia en territorios diversos.<\/p>\n\n\n\n<p>ENCUENTRO DEL INEGI<\/p>\n\n\n\n<p>En otro acto, el mandatario estatal Jara Cruz inaugur\u00f3 el quinto foro de Estad\u00edstica y Geograf\u00eda para Estados y Municipios Herramientas para el Desarrollo, que es un espacio de interacci\u00f3n en el cual representantes de todo el pa\u00eds compartir\u00e1n experiencias, modelos, plataformas y metodolog\u00edas; para alcanzar con estrategia el bienestar social.<\/p>\n\n\n\n<p>En esta reuni\u00f3n convocada por el Instituto Nacional de Estad\u00edstica y Geograf\u00eda (Inegi), destac\u00f3 que la Primavera Oaxaque\u00f1a se suma con compromiso y visi\u00f3n a este gran di\u00e1logo, a sabiendas de que M\u00e9xico necesita decisiones informadas, datos confiables y herramientas modernas que fortalezcan las pol\u00edticas p\u00fablicas de cada municipio y entidad federativa.&nbsp;<\/p>\n\n\n\n<p>\u201cHoy m\u00e1s que nunca, la informaci\u00f3n estad\u00edstica y geogr\u00e1fica es un pilar estrat\u00e9gico para garantizar el bienestar, sostenibilidad y la justicia social. Este foro demuestra que cuando ponemos al centro la colaboraci\u00f3n, las mejores pr\u00e1cticas y la innovaci\u00f3n tecnol\u00f3gica, los gobiernos pueden avanzar con mayor certeza hacia soluciones que transformen la vida cotidiana de las personas\u201d, expres\u00f3.&nbsp;<\/p>\n\n\n\n<p>Este espacio, que se lleva a cabo del 27 al 28 de noviembre en la capital oaxaque\u00f1a, propicia el an\u00e1lisis de la informaci\u00f3n que integra la base de datos del Inegi, para el dise\u00f1o de pol\u00edticas p\u00fablicas en materia de planeaci\u00f3n urbana, salud, econom\u00eda, medio ambiente, turismo sostenible; que permita la toma de decisiones y atender las necesidades sociales.&nbsp;<\/p>\n\n\n\n<p>Por su parte, la vicepresidenta de la Junta de Gobierno del Inegi, Rosa Isabel Islas Arredondo mencion\u00f3 que este foro ha ido consolidando su relevancia, recogiendo y produciendo informaci\u00f3n, para innovar y mejorar la gesti\u00f3n de proyectos tanto p\u00fablicos como privados.<\/p>\n","protected":false},"excerpt":{"rendered":"<p>Redacci\u00f3n\/Zona Roja.&nbsp; Oaxaca, Oax., a 28 de noviembre de 2025.- El gobernador Salom\u00f3n Jara Cruz&hellip;<\/p>\n","protected":false},"author":2,"featured_media":87409,"comment_status":"closed","ping_status":"open","sticky":false,"template":"","format":"standard","meta":{"_lmt_disableupdate":"","_lmt_disable":"","_jetpack_memberships_contains_paid_content":false,"footnotes":""},"categories":[109,46],"tags":[939],"class_list":["post-87406","post","type-post","status-publish","format-standard","has-post-thumbnail","hentry","category-minuto-a-minuto","category-zona-blanca","tag-salomon-jara-cruz"],"jetpack_featured_media_url":"https:\/\/zonaroja.com.mx\/wp-content\/uploads\/2025\/11\/Salomon-Jara-inauguracion-reunion-INE.jpeg","jetpack_sharing_enabled":true,"_links":{"self":[{"href":"https:\/\/zonaroja.com.mx\/index.php?rest_route=\/wp\/v2\/posts\/87406","targetHints":{"allow":["GET"]}}],"collection":[{"href":"https:\/\/zonaroja.com.mx\/index.php?rest_route=\/wp\/v2\/posts"}],"about":[{"href":"https:\/\/zonaroja.com.mx\/index.php?rest_route=\/wp\/v2\/types\/post"}],"author":[{"embeddable":true,"href":"https:\/\/zonaroja.com.mx\/index.php?rest_route=\/wp\/v2\/users\/2"}],"replies":[{"embeddable":true,"href":"https:\/\/zonaroja.com.mx\/index.php?rest_route=%2Fwp%2Fv2%2Fcomments&post=87406"}],"version-history":[{"count":1,"href":"https:\/\/zonaroja.com.mx\/index.php?rest_route=\/wp\/v2\/posts\/87406\/revisions"}],"predecessor-version":[{"id":87410,"href":"https:\/\/zonaroja.com.mx\/index.php?rest_route=\/wp\/v2\/posts\/87406\/revisions\/87410"}],"wp:featuredmedia":[{"embeddable":true,"href":"https:\/\/zonaroja.com.mx\/index.php?rest_route=\/wp\/v2\/media\/87409"}],"wp:attachment":[{"href":"https:\/\/zonaroja.com.mx\/index.php?rest_route=%2Fwp%2Fv2%2Fmedia&parent=87406"}],"wp:term":[{"taxonomy":"category","embeddable":true,"href":"https:\/\/zonaroja.com.mx\/index.php?rest_route=%2Fwp%2Fv2%2Fcategories&post=87406"},{"taxonomy":"post_tag","embeddable":true,"href":"https:\/\/zonaroja.com.mx\/index.php?rest_route=%2Fwp%2Fv2%2Ftags&post=87406"}],"curies":[{"name":"wp","href":"https:\/\/api.w.org\/{rel}","templated":true}]}}