{"id":87413,"date":"2025-11-28T10:15:00","date_gmt":"2025-11-28T16:15:00","guid":{"rendered":"https:\/\/zonaroja.com.mx\/?p=87413"},"modified":"2025-11-28T07:51:50","modified_gmt":"2025-11-28T13:51:50","slug":"seis-anos-despues-capturan-a-feminicida-de-cuilapam-de-guerrero","status":"publish","type":"post","link":"https:\/\/zonaroja.com.mx\/?p=87413","title":{"rendered":"Seis a\u00f1os despu\u00e9s, capturan a feminicida de Cuil\u00e1pam de Guerrero"},"content":{"rendered":"\n<p>Redacci\u00f3n\/Zona Roja.&nbsp;<\/p>\n\n\n\n<p>Oaxaca, Oax., a 28 de noviembre de 2025.- La Fiscal\u00eda General del Estado de Oaxaca (FGEO) ejecut\u00f3 una orden de aprehensi\u00f3n contra una persona del sexo masculino identificada como T.H.S., por el delito de Feminicidio Agravado en agravio de C.V.R., hechos ocurridos en la regi\u00f3n de los Valles Centrales.<\/p>\n\n\n\n<p>De acuerdo con el expediente, la v\u00edctima manten\u00eda una relaci\u00f3n de concubinato, periodo durante el cual sufri\u00f3 violencia f\u00edsica y verbal.<\/p>\n\n\n\n<p>Adem\u00e1s que, la v\u00edctima y sus hijos sufr\u00edan violencia econ\u00f3mica por parte de su pareja.<\/p>\n\n\n\n<p>Derivado de los constantes episodios de violencia, la v\u00edctima decidi\u00f3 alejarse en diversas ocasiones; sin embargo, \u00e9l regresaba para forzarla a reiniciar la convivencia que&nbsp; posteriormente derivaba en agresiones<\/p>\n\n\n\n<p>Las investigaciones establecen que, en junio de 2019, su pareja abandon\u00f3 el domicilio familiar ubicado en la calle Los Pinos, colonia Rancho Areche, en el municipio de Cuil\u00e1pam de Guerrero.<\/p>\n\n\n\n<p>Meses despu\u00e9s, en 29 de agosto de 2019, cuando la v\u00edctima sali\u00f3 de su domicilio y caminaba juntos a uno de sus hijos por la calle de Prolongaci\u00f3n de Mina, a la altura del paraje Trampelobo, fue interceptada por un veh\u00edculo tipo Tsuru color blanco, de donde descendi\u00f3 un hombre que realiz\u00f3 diversos disparos de arma de fuego en su contra, provocando lesiones que le causaron la muerte.<\/p>\n\n\n\n<p>Por la anterior, el caso qued\u00f3 a cargo de la Fiscal\u00eda Especializada para la Atenci\u00f3n a Delitos contra la Mujer por Raz\u00f3n de G\u00e9nero y la Fiscal\u00eda para la Atenci\u00f3n e Investigaci\u00f3n de Feminicidios que, siguiendo los protocolos con perspectiva de g\u00e9nero, robustecieron las l\u00edneas de investigaci\u00f3n que llevaron a la localizaci\u00f3n de T.H.S., quien fue detenido luego de evadir la justicia durante casi seis a\u00f1os, por lo que qued\u00f3 a disposici\u00f3n de la autoridad ministerial para resolver su situaci\u00f3n jur\u00eddica.<\/p>\n\n\n\n<p>HOMICIDA DETENIDO<\/p>\n\n\n\n<p>Por otra parte, la Fiscal\u00eda General ejecut\u00f3 una orden de aprehensi\u00f3n que permiti\u00f3 la detenci\u00f3n de un hombre identificado como H.D.M.P., por el delito de homicidio calificado cometido en el Valle de Etla.<\/p>\n\n\n\n<p>El expediente del caso detalla que los hechos ocurrieron el 21 de noviembre de 2013, cuando la v\u00edctima un hombre identificado como A.G.G.M., caminaba sobre un camino de terracer\u00eda del paraje El Campanario de la agencia municipal de Santa Cruz, Lachoxolana perteneciente al municipio de Santiago Suchilquitongo en el Valle de Etla, lugar donde fue alcanzado por los agresores que viajaban a bordo de un mototaxi quienes lo atacaron con una piedra infligiendo lesiones en la cabeza, a consecuencia de las cuales perdi\u00f3 la vida.<\/p>\n\n\n\n<p>Al tomar conocimiento del caso, la FGEO inici\u00f3 una exhaustiva investigaci\u00f3n a trav\u00e9s de la Vicefiscal\u00eda General de Control Regional, la cual obtuvo una orden de aprehensi\u00f3n que se ejecut\u00f3 en contra de H.D.M.P., quien fue capturado por elementos de la Agencia Estatal de Investigaciones (AEI) para despu\u00e9s ponerlo a disposici\u00f3n de la autoridad que los requiri\u00f3 para determinar su situaci\u00f3n jur\u00eddica.<\/p>\n\n\n\n<p>La Fiscal\u00eda General garantiza investigaciones exhaustivas para esclarecer delitos, aplicando todo el rigor de la Ley a quien o quienes resulten responsables.<\/p>\n","protected":false},"excerpt":{"rendered":"<p>Redacci\u00f3n\/Zona Roja.&nbsp; Oaxaca, Oax., a 28 de noviembre de 2025.- La Fiscal\u00eda General del Estado&hellip;<\/p>\n","protected":false},"author":2,"featured_media":87414,"comment_status":"closed","ping_status":"open","sticky":false,"template":"","format":"standard","meta":{"_lmt_disableupdate":"","_lmt_disable":"","_jetpack_memberships_contains_paid_content":false,"footnotes":""},"categories":[109,46],"tags":[494],"class_list":["post-87413","post","type-post","status-publish","format-standard","has-post-thumbnail","hentry","category-minuto-a-minuto","category-zona-blanca","tag-fiscalia-general-del-estado-de-oaxaca"],"jetpack_featured_media_url":"https:\/\/zonaroja.com.mx\/wp-content\/uploads\/2025\/11\/Feminicida-detenido-en-Cuilapam.jpg","jetpack_sharing_enabled":true,"_links":{"self":[{"href":"https:\/\/zonaroja.com.mx\/index.php?rest_route=\/wp\/v2\/posts\/87413","targetHints":{"allow":["GET"]}}],"collection":[{"href":"https:\/\/zonaroja.com.mx\/index.php?rest_route=\/wp\/v2\/posts"}],"about":[{"href":"https:\/\/zonaroja.com.mx\/index.php?rest_route=\/wp\/v2\/types\/post"}],"author":[{"embeddable":true,"href":"https:\/\/zonaroja.com.mx\/index.php?rest_route=\/wp\/v2\/users\/2"}],"replies":[{"embeddable":true,"href":"https:\/\/zonaroja.com.mx\/index.php?rest_route=%2Fwp%2Fv2%2Fcomments&post=87413"}],"version-history":[{"count":1,"href":"https:\/\/zonaroja.com.mx\/index.php?rest_route=\/wp\/v2\/posts\/87413\/revisions"}],"predecessor-version":[{"id":87415,"href":"https:\/\/zonaroja.com.mx\/index.php?rest_route=\/wp\/v2\/posts\/87413\/revisions\/87415"}],"wp:featuredmedia":[{"embeddable":true,"href":"https:\/\/zonaroja.com.mx\/index.php?rest_route=\/wp\/v2\/media\/87414"}],"wp:attachment":[{"href":"https:\/\/zonaroja.com.mx\/index.php?rest_route=%2Fwp%2Fv2%2Fmedia&parent=87413"}],"wp:term":[{"taxonomy":"category","embeddable":true,"href":"https:\/\/zonaroja.com.mx\/index.php?rest_route=%2Fwp%2Fv2%2Fcategories&post=87413"},{"taxonomy":"post_tag","embeddable":true,"href":"https:\/\/zonaroja.com.mx\/index.php?rest_route=%2Fwp%2Fv2%2Ftags&post=87413"}],"curies":[{"name":"wp","href":"https:\/\/api.w.org\/{rel}","templated":true}]}}