{"id":87416,"date":"2025-11-28T11:12:00","date_gmt":"2025-11-28T17:12:00","guid":{"rendered":"https:\/\/zonaroja.com.mx\/?p=87416"},"modified":"2025-11-28T08:14:14","modified_gmt":"2025-11-28T14:14:14","slug":"avanza-el-desarrollo-social-y-de-infraestructura-en-santa-lucia-del-camino","status":"publish","type":"post","link":"https:\/\/zonaroja.com.mx\/?p=87416","title":{"rendered":"Avanza el desarrollo social y de infraestructura en Santa Luc\u00eda del Camino"},"content":{"rendered":"\n<p>Raymundo Morales\/Zona Roja.<\/p>\n\n\n\n<p>Oaxaca, Oax., a 28 de noviembre de 2025.- En v\u00edsperas de rendir su primer informe, el presidente municipal de Santa Luc\u00eda del Camino, Juan Carlos Garc\u00eda M\u00e1rquez, asegur\u00f3 que hay avances importantes en el desarrollo social y en materia de infraestructura.<\/p>\n\n\n\n<p>Asimismo, reconoci\u00f3 de nuevo el respaldo del titular del Poder Ejecutivo estatal, Salom\u00f3n Jara Cruz, para lograr acciones relevantes, entre ellas en materia de seguridad y en rehabilitaci\u00f3n de vialidades importantes, con el programa \u201cTache al Bache\u201d.<\/p>\n\n\n\n<p>\u201cEl gobierno municipal de Santa Luc\u00eda del Camino, cree firmemente que la obra p\u00fablica es la herramienta m\u00e1s poderosa para impulsar la justicia social y transformar la calidad de vida de nuestras y nuestros ciudadanos\u201d, dijo.<\/p>\n\n\n\n<p>Destac\u00f3 que en este 2025 se han realizado m\u00e1s de 30 obras de alto impacto tanto en la cabecera municipal como en sus agencias.<\/p>\n\n\n\n<p>Expuso que estas acciones no son solo proyectos de infraestructura; son el reflejo de la atenci\u00f3n a las demandas leg\u00edtimas de la comunidad, llevando servicios esenciales y mejorando el entorno de miles de familias.<\/p>\n\n\n\n<p>Destacan desde proyectos de agua potable hasta la mejora de vialidades y espacios p\u00fablicos, cada obra representa un paso firme hacia el bienestar colectivo.<\/p>\n\n\n\n<p>Abund\u00f3 que este 2025 se ha consolidado en materia de seguridad p\u00fablica y se ha blindado a Santa Luc\u00eda del Camino con la ampliaci\u00f3n del Centro de Control y Comando (C2) con m\u00e1s de 300 c\u00e1maras de videovigilancia.<\/p>\n\n\n\n<p>\u201cM compromiso es claro: seguir trabajando con honestidad, transparencia y cercan\u00eda\u201d, sostuvo Garc\u00eda M\u00e1rquez, al agradecer la confianza ciudadana en su segundo periodo de gobierno.&nbsp;<\/p>\n\n\n\n<p>Aunado a ello, con el fortalecimiento a las corporaciones policiacas, se ha logrado disminuir de manera relevante la inseguridad.<\/p>\n","protected":false},"excerpt":{"rendered":"<p>Raymundo Morales\/Zona Roja. Oaxaca, Oax., a 28 de noviembre de 2025.- En v\u00edsperas de rendir&hellip;<\/p>\n","protected":false},"author":2,"featured_media":85929,"comment_status":"closed","ping_status":"open","sticky":false,"template":"","format":"standard","meta":{"_lmt_disableupdate":"","_lmt_disable":"","_jetpack_memberships_contains_paid_content":false,"footnotes":""},"categories":[109,46],"tags":[2533,337],"class_list":["post-87416","post","type-post","status-publish","format-standard","has-post-thumbnail","hentry","category-minuto-a-minuto","category-zona-blanca","tag-juan-carlos-garcia-marquez","tag-santa-lucia-del-camino"],"jetpack_featured_media_url":"https:\/\/zonaroja.com.mx\/wp-content\/uploads\/2025\/10\/Juan-Carlos-Garcia-Marquez.jpg","jetpack_sharing_enabled":true,"_links":{"self":[{"href":"https:\/\/zonaroja.com.mx\/index.php?rest_route=\/wp\/v2\/posts\/87416","targetHints":{"allow":["GET"]}}],"collection":[{"href":"https:\/\/zonaroja.com.mx\/index.php?rest_route=\/wp\/v2\/posts"}],"about":[{"href":"https:\/\/zonaroja.com.mx\/index.php?rest_route=\/wp\/v2\/types\/post"}],"author":[{"embeddable":true,"href":"https:\/\/zonaroja.com.mx\/index.php?rest_route=\/wp\/v2\/users\/2"}],"replies":[{"embeddable":true,"href":"https:\/\/zonaroja.com.mx\/index.php?rest_route=%2Fwp%2Fv2%2Fcomments&post=87416"}],"version-history":[{"count":1,"href":"https:\/\/zonaroja.com.mx\/index.php?rest_route=\/wp\/v2\/posts\/87416\/revisions"}],"predecessor-version":[{"id":87417,"href":"https:\/\/zonaroja.com.mx\/index.php?rest_route=\/wp\/v2\/posts\/87416\/revisions\/87417"}],"wp:featuredmedia":[{"embeddable":true,"href":"https:\/\/zonaroja.com.mx\/index.php?rest_route=\/wp\/v2\/media\/85929"}],"wp:attachment":[{"href":"https:\/\/zonaroja.com.mx\/index.php?rest_route=%2Fwp%2Fv2%2Fmedia&parent=87416"}],"wp:term":[{"taxonomy":"category","embeddable":true,"href":"https:\/\/zonaroja.com.mx\/index.php?rest_route=%2Fwp%2Fv2%2Fcategories&post=87416"},{"taxonomy":"post_tag","embeddable":true,"href":"https:\/\/zonaroja.com.mx\/index.php?rest_route=%2Fwp%2Fv2%2Ftags&post=87416"}],"curies":[{"name":"wp","href":"https:\/\/api.w.org\/{rel}","templated":true}]}}