{"id":87423,"date":"2025-11-28T12:00:00","date_gmt":"2025-11-28T18:00:00","guid":{"rendered":"https:\/\/zonaroja.com.mx\/?p=87423"},"modified":"2025-11-28T08:22:52","modified_gmt":"2025-11-28T14:22:52","slug":"inauguran-y-arrancan-obras-de-infraestructura-en-colonias-de-xoxocotlan","status":"publish","type":"post","link":"https:\/\/zonaroja.com.mx\/?p=87423","title":{"rendered":"Inauguran y arrancan obras de infraestructura en colonias de Xoxocotl\u00e1n"},"content":{"rendered":"\n<p>Redacci\u00f3n\/Zona Roja.<\/p>\n\n\n\n<p>Oaxaca, Oax., a 28 de noviembre.\u2013 La presidenta municipal de Santa Cruz Xoxocotl\u00e1n, Nancy Ben\u00edtez Z\u00e1rate, encabez\u00f3 la inauguraci\u00f3n de dos obras y el arranque de tres m\u00e1s en diversas colonias, reforzando la infraestructura urbana y respondiendo a peticiones de las y los colonos.<\/p>\n\n\n\n<p>En la Primera &nbsp;Ampliaci\u00f3n de Xoxo se inaugur\u00f3 la pavimentaci\u00f3n con concreto hidr\u00e1ulico de la Primera Privada de Jos\u00e9 Mart\u00ed, primera etapa, una obra esperada que mejora el acceso y la movilidad diaria.<\/p>\n\n\n\n<p>Tambi\u00e9n qued\u00f3 inaugurada la pavimentaci\u00f3n con adoqu\u00edn en la Calle Azteca de la Colonia An\u00e1huac, donde vecinos reconocieron la importancia de contar con caminos m\u00e1s seguros y funcionales.<\/p>\n\n\n\n<p>Durante el recorrido, la edil dio inicio a la rehabilitaci\u00f3n del drenaje sanitario en la Avenida Oaxaca de la Colonia El Diamante, una intervenci\u00f3n clave para mejorar la salud p\u00fablica y evitar futuras afectaciones en la zona.<\/p>\n\n\n\n<p>En la colonia Mi Ranchito comenz\u00f3 la construcci\u00f3n de pavimento con concreto hidr\u00e1ulico en la Calle Rosales, primera etapa, mientras que en El Progreso arranc\u00f3 la pavimentaci\u00f3n de la Calle 29 de Junio, acciones que fortalecen la movilidad y brindan mayor seguridad a las familias.<\/p>\n\n\n\n<p>Ben\u00edtez Z\u00e1rate destac\u00f3 que cada obra representa un avance tangible para las colonias y reiter\u00f3 que su administraci\u00f3n continuar\u00e1 atendiendo, de manera cercana y constante, las necesidades de infraestructura de la ciudadan\u00eda.<\/p>\n","protected":false},"excerpt":{"rendered":"<p>Redacci\u00f3n\/Zona Roja. Oaxaca, Oax., a 28 de noviembre.\u2013 La presidenta municipal de Santa Cruz Xoxocotl\u00e1n,&hellip;<\/p>\n","protected":false},"author":2,"featured_media":87408,"comment_status":"closed","ping_status":"open","sticky":false,"template":"","format":"standard","meta":{"_lmt_disableupdate":"","_lmt_disable":"","_jetpack_memberships_contains_paid_content":false,"footnotes":""},"categories":[109,46],"tags":[133],"class_list":["post-87423","post","type-post","status-publish","format-standard","has-post-thumbnail","hentry","category-minuto-a-minuto","category-zona-blanca","tag-santa-cruz-xoxocotlan"],"jetpack_featured_media_url":"https:\/\/zonaroja.com.mx\/wp-content\/uploads\/2025\/11\/Inauguran-y-arrancan-obras-de-infraestructura-en-colonias-de-Xoxocotlan-3.jpeg","jetpack_sharing_enabled":true,"_links":{"self":[{"href":"https:\/\/zonaroja.com.mx\/index.php?rest_route=\/wp\/v2\/posts\/87423","targetHints":{"allow":["GET"]}}],"collection":[{"href":"https:\/\/zonaroja.com.mx\/index.php?rest_route=\/wp\/v2\/posts"}],"about":[{"href":"https:\/\/zonaroja.com.mx\/index.php?rest_route=\/wp\/v2\/types\/post"}],"author":[{"embeddable":true,"href":"https:\/\/zonaroja.com.mx\/index.php?rest_route=\/wp\/v2\/users\/2"}],"replies":[{"embeddable":true,"href":"https:\/\/zonaroja.com.mx\/index.php?rest_route=%2Fwp%2Fv2%2Fcomments&post=87423"}],"version-history":[{"count":1,"href":"https:\/\/zonaroja.com.mx\/index.php?rest_route=\/wp\/v2\/posts\/87423\/revisions"}],"predecessor-version":[{"id":87424,"href":"https:\/\/zonaroja.com.mx\/index.php?rest_route=\/wp\/v2\/posts\/87423\/revisions\/87424"}],"wp:featuredmedia":[{"embeddable":true,"href":"https:\/\/zonaroja.com.mx\/index.php?rest_route=\/wp\/v2\/media\/87408"}],"wp:attachment":[{"href":"https:\/\/zonaroja.com.mx\/index.php?rest_route=%2Fwp%2Fv2%2Fmedia&parent=87423"}],"wp:term":[{"taxonomy":"category","embeddable":true,"href":"https:\/\/zonaroja.com.mx\/index.php?rest_route=%2Fwp%2Fv2%2Fcategories&post=87423"},{"taxonomy":"post_tag","embeddable":true,"href":"https:\/\/zonaroja.com.mx\/index.php?rest_route=%2Fwp%2Fv2%2Ftags&post=87423"}],"curies":[{"name":"wp","href":"https:\/\/api.w.org\/{rel}","templated":true}]}}