{"id":87425,"date":"2025-11-28T09:38:05","date_gmt":"2025-11-28T15:38:05","guid":{"rendered":"https:\/\/zonaroja.com.mx\/?p=87425"},"modified":"2025-11-28T09:38:08","modified_gmt":"2025-11-28T15:38:08","slug":"hay-avances-en-negociaciones-seccion-22-gobierno-aunque-parciales","status":"publish","type":"post","link":"https:\/\/zonaroja.com.mx\/?p=87425","title":{"rendered":"Hay avances en negociaciones Secci\u00f3n 22-gobierno, aunque \u201cparciales\u201d"},"content":{"rendered":"\n<p>Ismael Garc\u00eda M.\/Zona Roja.<\/p>\n\n\n\n<p>Oaxaca, Oax., a 28 de noviembre de 2025.- Luego de m\u00e1s de 16 horas de negociaci\u00f3n entre los gobiernos federal y estatal y federal con el magisterio oaxaque\u00f1o, hubo avances en la atenci\u00f3n de diversas demandas.<\/p>\n\n\n\n<p>\u201cLa mesa concluy\u00f3 con respuestas parciales por parte de los gobiernos, acompa\u00f1adas de una agenda de seguimiento para continuar revisando las problem\u00e1ticas espec\u00edficas expuestas por el magisterio democr\u00e1tico\u201d, destac\u00f3 la Secci\u00f3n 22 del SNTE en un comunicado.<\/p>\n\n\n\n<p>Cerca de las 08:00 horas de este viernes termin\u00f3 el encuentro, que inici\u00f3 poco despu\u00e9s de las 16:00 horas de ayer en el complejo gubernamental de Ciudad Administrativa, municipio de Tlalixtac de Cabrera, al t\u00e9rmino del cual la dirigente Yenny Aracely P\u00e9rez Mart\u00ednez descart\u00f3 movilizaciones.<\/p>\n\n\n\n<p>\u201cFue tardado la redacci\u00f3n de la minuta sobre todo en los temas que se requiere para que avance el movimiento; fueron muy puntuales los compa\u00f1eros de los niveles, espec\u00edficos en las demandas que no han avanzado\u201d, declar\u00f3 al salir del encuentro.<\/p>\n\n\n\n<p>\u201cLos compa\u00f1eros tienen muy claro en que s\u00ed logramos avanzar, hay avances puntuales en algunos niveles que van a darle seguimiento en una mesa de trabajo, pero en general, muchos de los temas que quedaron pendientes el 24 de octubre se retomaron y se tiene una minuta, esperando que los compromisos asumidos se puedan concretar\u201d, dijo.<\/p>\n\n\n\n<p>Expuso que la garant\u00eda es que continuar\u00e1n exigiendo que se cumplan los acuerdos, ya que en muchas ocasiones no se han cumplido, declar\u00f3, al informar que cada regi\u00f3n instalar\u00e1 su asamblea donde se dar\u00e1n a conocer los avances.<\/p>\n\n\n\n<p>La Secci\u00f3n 22 reiter\u00f3 que la abrogaci\u00f3n de la Reforma Educativa Pe\u00f1a-AMLO y de la Ley del ISSSTE 2007 \u201ces fundamental para atender de ra\u00edz las afectaciones administrativas y laborales que enfrenta el magisterio\u201d.&nbsp;<\/p>\n\n\n\n<p>Asimismo, enfatiz\u00f3 que restablecer la bilateralidad evitar\u00eda la instalaci\u00f3n constante de mesas de trabajo sobre temas que corresponden a la operatividad del sistema educativo y a situaciones administrativas, devolviendo certidumbre, claridad y responsabilidad institucional al funcionamiento educativo en Oaxaca.<\/p>\n\n\n\n<p>\u201cSubraya que, si este gobierno se autodenomina de izquierda, debe demostrarlo velando por la educaci\u00f3n p\u00fablica, los derechos laborales y la seguridad social de la clase trabajadora, corrigiendo el rumbo impuesto por pol\u00edticas neoliberales que por a\u00f1os han vulnerado al sector educativo\u201d.<\/p>\n\n\n\n<p>El encuentro que inici\u00f3 ayer por la tarde fue encabezado por el gobernador Salom\u00f3n Jara Cruz y el secretario de Educaci\u00f3n P\u00fablica, Mario Delgado Carrillo.<\/p>\n\n\n\n<figure class=\"wp-block-embed is-type-rich is-provider-twitter wp-block-embed-twitter\"><div class=\"wp-block-embed__wrapper\">\n<div class=\"twitter-tweet\"><blockquote class=\"twitter-tweet\" data-lang=\"es\"><p lang=\"es\" dir=\"ltr\"><a href=\"https:\/\/twitter.com\/hashtag\/AlMomento?src=hash&amp;ref_src=twsrc%5Etfw\">#AlMomento<\/a><br>Cerca de las ocho de la ma\u00f1ana de hoy concluy\u00f3 la reuni\u00f3n tripartita con la Secci\u00f3n 22 del SNTE y autoridades estatales y federales. <br><br>Hay avances en la atenci\u00f3n de las demandas y los acuerdos se llevan a las asambleas regionales, informa la dirigente estatal Yenny\u2026 <a href=\"https:\/\/t.co\/OnYf4Awok3\">pic.twitter.com\/OnYf4Awok3<\/a><\/p>&mdash; Zona Roja Oaxaca (@ZonaRoja_Oaxaca) <a href=\"https:\/\/twitter.com\/ZonaRoja_Oaxaca\/status\/1994406369965797681?ref_src=twsrc%5Etfw\">28 de noviembre de 2025<\/a><\/blockquote><\/div>\n<\/div><\/figure>\n","protected":false},"excerpt":{"rendered":"<p>Ismael Garc\u00eda M.\/Zona Roja. Oaxaca, Oax., a 28 de noviembre de 2025.- Luego de m\u00e1s&hellip;<\/p>\n","protected":false},"author":2,"featured_media":87392,"comment_status":"closed","ping_status":"open","sticky":false,"template":"","format":"standard","meta":{"_lmt_disableupdate":"","_lmt_disable":"","_jetpack_memberships_contains_paid_content":false,"footnotes":""},"categories":[109,46],"tags":[312],"class_list":["post-87425","post","type-post","status-publish","format-standard","has-post-thumbnail","hentry","category-minuto-a-minuto","category-zona-blanca","tag-seccion-22-del-snte"],"jetpack_featured_media_url":"https:\/\/zonaroja.com.mx\/wp-content\/uploads\/2025\/11\/Reunion-gobernador-Ssalomon-SEP-y-Seccion-22.jpg","jetpack_sharing_enabled":true,"_links":{"self":[{"href":"https:\/\/zonaroja.com.mx\/index.php?rest_route=\/wp\/v2\/posts\/87425","targetHints":{"allow":["GET"]}}],"collection":[{"href":"https:\/\/zonaroja.com.mx\/index.php?rest_route=\/wp\/v2\/posts"}],"about":[{"href":"https:\/\/zonaroja.com.mx\/index.php?rest_route=\/wp\/v2\/types\/post"}],"author":[{"embeddable":true,"href":"https:\/\/zonaroja.com.mx\/index.php?rest_route=\/wp\/v2\/users\/2"}],"replies":[{"embeddable":true,"href":"https:\/\/zonaroja.com.mx\/index.php?rest_route=%2Fwp%2Fv2%2Fcomments&post=87425"}],"version-history":[{"count":1,"href":"https:\/\/zonaroja.com.mx\/index.php?rest_route=\/wp\/v2\/posts\/87425\/revisions"}],"predecessor-version":[{"id":87426,"href":"https:\/\/zonaroja.com.mx\/index.php?rest_route=\/wp\/v2\/posts\/87425\/revisions\/87426"}],"wp:featuredmedia":[{"embeddable":true,"href":"https:\/\/zonaroja.com.mx\/index.php?rest_route=\/wp\/v2\/media\/87392"}],"wp:attachment":[{"href":"https:\/\/zonaroja.com.mx\/index.php?rest_route=%2Fwp%2Fv2%2Fmedia&parent=87425"}],"wp:term":[{"taxonomy":"category","embeddable":true,"href":"https:\/\/zonaroja.com.mx\/index.php?rest_route=%2Fwp%2Fv2%2Fcategories&post=87425"},{"taxonomy":"post_tag","embeddable":true,"href":"https:\/\/zonaroja.com.mx\/index.php?rest_route=%2Fwp%2Fv2%2Ftags&post=87425"}],"curies":[{"name":"wp","href":"https:\/\/api.w.org\/{rel}","templated":true}]}}