{"id":87427,"date":"2025-11-28T17:45:57","date_gmt":"2025-11-28T23:45:57","guid":{"rendered":"https:\/\/zonaroja.com.mx\/?p=87427"},"modified":"2025-11-28T19:18:58","modified_gmt":"2025-11-29T01:18:58","slug":"denuncian-a-pintor-max-sanz-por-deber-15-anos-de-pension-y-justicia","status":"publish","type":"post","link":"https:\/\/zonaroja.com.mx\/?p=87427","title":{"rendered":"Denuncian a pintor Max Sanz por deber 15 a\u00f1os de pensi\u00f3n y justicia"},"content":{"rendered":"\n<p>Lisbeth Mej\u00eda Reyes\/Zona Roja.<\/p>\n\n\n\n<p>Oaxaca, Oax., a 28 de noviembre de 2025.- Cuatro a\u00f1os despu\u00e9s de la primera denuncia p\u00fablica por no reconocer su paternidad, colectivas feministas exhibieron nuevamente al artista oaxaque\u00f1o Max S\u00e1nchez L\u00f3pez (Max Sanz) porque ya debe 15 a\u00f1os de pensi\u00f3n alimenticia y se niega a cumplir con su responsabilidad.<\/p>\n\n\n\n<p>A trav\u00e9s de una carta, el Frente Nacional de Mujeres contra Deudores Alimentarios y otras organizaciones como la Colectiva Ley Sabina contra la Violencia Econ\u00f3mica tambi\u00e9n exigieron al Congreso de la Uni\u00f3n no ser c\u00f3mplice del deudor y retirar la exposici\u00f3n que le inauguraron este 25 de noviembre, en el D\u00eda Internacional de la Eliminaci\u00f3n de la Violencia contra la Mujer.&nbsp;<\/p>\n\n\n\n<p>\u00abEl se\u00f1or (Max Sanz) sigue debiendo 15 a\u00f1os de pensi\u00f3n alimenticia de la menor que se la pas\u00f3 por m\u00e1s de una d\u00e9cada negando su paternidad y amenazando a la mam\u00e1 y a las activistas\u00bb, explicaron junto a las colectivas Madres Libertarias y Colectiva M\u00e9xico Justicia para madres e infancias.<\/p>\n\n\n\n<p>Ante esto reiteraron su demanda por retirar la exposici\u00f3n, al ser \u00abuna ofensa a la lucha de las mujeres y a las infancias, por ser contraria a los valores que promueve la primera presidenta del pa\u00eds la Dra. Claudia Sheinbaum Pardo, as\u00ed como de la legislatura de la paridad y a los avances de los derechos de las mujeres en M\u00e9xico\u00bb.<\/p>\n\n\n\n<p>A trav\u00e9s de una carta dirigida a la diputada Anais Miriam Burgos Hern\u00e1ndez, presidenta de la comisi\u00f3n de Igualdad de G\u00e9nero, tambi\u00e9n solicitaron que se exhorte a Max Sanz a \u00abcumplir con los adeudos y saldar los agravios que ha ocasionado a la mam\u00e1 y su menor hija, que son agravios de todas y de una sociedad lastimada por la normalizaci\u00f3n del abandono paterno\u00bb.<\/p>\n\n\n\n<p>Adem\u00e1s del Congreso de la Uni\u00f3n, Max Sanz tiene desde octubre una exposici\u00f3n individual en el Museo de los Pintores Oaxaque\u00f1os (MUPO), en la ciudad de Oaxaca.<\/p>\n\n\n\n<p>De acuerdo con la denuncia y la carta a la diputada, Max Sanz \u00ablleva escasos meses solventando una miserable pensi\u00f3n a la que lo ha obligado el juzgado, pero se niega a pagar el da\u00f1o y el retroactivo argumentando que no tiene dinero. Asimismo, se detalla que la madre pas\u00f3 por un \u00ablargo peregrinar\u00bb para que Sanz se hiciera la prueba de ADN y en noviembre de 2024 el juzgado emiti\u00f3 un acta que confirma su paternidad. Del caso, explicaron que est\u00e1 la carpeta 0224\/2024 en el Poder Judicial del Estado de Oaxaca.<\/p>\n\n\n\n<p>LE ORGANIZAN EXPOSICI\u00d3N<\/p>\n\n\n\n<p>La muestra \u00abDestellos en el horizonte\u00bb, en la que Max Sanz participa junto al tambi\u00e9n artista Alonso P\u00e9rez, fue organizada por los diputados de Oaxaca Ra\u00fal Bola\u00f1os Cacho Cu\u00e9 y Alejandro Avil\u00e9s \u00c1lvarez, as\u00ed como Nayeli Arlen Fern\u00e1ndez Cruz, todos del Partido Verde Ecologista de M\u00e9xico, aliado de Morena.<\/p>\n\n\n\n<p>El d\u00eda de la inauguraci\u00f3n, Ra\u00fal Bola\u00f1os comparti\u00f3 un mensaje sobre la conmemoraci\u00f3n del D\u00eda Internacional de la Eliminaci\u00f3n de la Violencia contra la Mujer, en el que declar\u00f3 que \u00abninguna forma de violencia debe ser tolerada\u00bb y que \u00abes responsabilidad de todos erradicarla\u00bb, por lo que llam\u00f3 a unirse para \u00abconstruir un mundo m\u00e1s justo y seguro para todas\u00bb.<\/p>\n\n\n\n<p>Horas despu\u00e9s, comparti\u00f3 im\u00e1genes de la exposici\u00f3n y un mensaje en el que dijo sentirse orgulloso por ver a sus paisanos \u00abtriunfar a nivel nacional e internacional, poniendo en alto el nombre de nuestro estado\u00bb.<\/p>\n","protected":false},"excerpt":{"rendered":"<p>Lisbeth Mej\u00eda Reyes\/Zona Roja. Oaxaca, Oax., a 28 de noviembre de 2025.- Cuatro a\u00f1os despu\u00e9s&hellip;<\/p>\n","protected":false},"author":2,"featured_media":87428,"comment_status":"closed","ping_status":"open","sticky":false,"template":"","format":"standard","meta":{"_lmt_disableupdate":"","_lmt_disable":"","_jetpack_memberships_contains_paid_content":false,"footnotes":""},"categories":[109,47],"tags":[4555],"class_list":["post-87427","post","type-post","status-publish","format-standard","has-post-thumbnail","hentry","category-minuto-a-minuto","category-zona-gris","tag-artista-max-sanz"],"jetpack_featured_media_url":"https:\/\/zonaroja.com.mx\/wp-content\/uploads\/2025\/11\/Max-Saenz-pintor.jpg","jetpack_sharing_enabled":true,"_links":{"self":[{"href":"https:\/\/zonaroja.com.mx\/index.php?rest_route=\/wp\/v2\/posts\/87427","targetHints":{"allow":["GET"]}}],"collection":[{"href":"https:\/\/zonaroja.com.mx\/index.php?rest_route=\/wp\/v2\/posts"}],"about":[{"href":"https:\/\/zonaroja.com.mx\/index.php?rest_route=\/wp\/v2\/types\/post"}],"author":[{"embeddable":true,"href":"https:\/\/zonaroja.com.mx\/index.php?rest_route=\/wp\/v2\/users\/2"}],"replies":[{"embeddable":true,"href":"https:\/\/zonaroja.com.mx\/index.php?rest_route=%2Fwp%2Fv2%2Fcomments&post=87427"}],"version-history":[{"count":2,"href":"https:\/\/zonaroja.com.mx\/index.php?rest_route=\/wp\/v2\/posts\/87427\/revisions"}],"predecessor-version":[{"id":87431,"href":"https:\/\/zonaroja.com.mx\/index.php?rest_route=\/wp\/v2\/posts\/87427\/revisions\/87431"}],"wp:featuredmedia":[{"embeddable":true,"href":"https:\/\/zonaroja.com.mx\/index.php?rest_route=\/wp\/v2\/media\/87428"}],"wp:attachment":[{"href":"https:\/\/zonaroja.com.mx\/index.php?rest_route=%2Fwp%2Fv2%2Fmedia&parent=87427"}],"wp:term":[{"taxonomy":"category","embeddable":true,"href":"https:\/\/zonaroja.com.mx\/index.php?rest_route=%2Fwp%2Fv2%2Fcategories&post=87427"},{"taxonomy":"post_tag","embeddable":true,"href":"https:\/\/zonaroja.com.mx\/index.php?rest_route=%2Fwp%2Fv2%2Ftags&post=87427"}],"curies":[{"name":"wp","href":"https:\/\/api.w.org\/{rel}","templated":true}]}}