{"id":87435,"date":"2025-11-29T07:45:00","date_gmt":"2025-11-29T13:45:00","guid":{"rendered":"https:\/\/zonaroja.com.mx\/?p=87435"},"modified":"2025-11-29T07:06:51","modified_gmt":"2025-11-29T13:06:51","slug":"ejecutan-a-balazos-a-dos-personas-en-la-costa-oaxaquena","status":"publish","type":"post","link":"https:\/\/zonaroja.com.mx\/?p=87435","title":{"rendered":"Ejecutan a balazos a dos personas en la Costa oaxaque\u00f1a"},"content":{"rendered":"\n<p>Raymundo Morales\/Zona Roja.<\/p>\n\n\n\n<p>Oaxaca, Oax., a 29 de noviembre de 2025.- Dos personas del sexo masculino fueron ejecutadas a balazos ayer por la tarde, en la regi\u00f3n Costa del estado de Oaxaca.<\/p>\n\n\n\n<p>Los ocupantes de una camioneta de reparto de pollos fueron atacados por personas armadas cuando transitaban por la carretera federal 200, tramo San Pedro Huatulco-Bah\u00edas de Huatulco.<\/p>\n\n\n\n<p>Las v\u00edctimas hasta el momento no han sido identificadas y \u00fanicamente se dio a conocer en el reporte policiacos que eran trabajadores de una empresa distribuidora de pollos con sede en Puerto Escondido.<\/p>\n\n\n\n<p>La unidad de motor, una camioneta marca Nissan con placas de circulaci\u00f3n SP-24645, de la empresa Patsa, qued\u00f3 atravesada en la cinta asf\u00e1ltica y los cuerpos en su interior, con varios impactos de arma de fuego, al parecer calibre .45.<\/p>\n\n\n\n<p>Personal de la Fiscal\u00eda General del Estado de Oaxaca, a trav\u00e9s de la Vicefiscal\u00eda Regional de la Costa, contin\u00faa con las indagatorias y seg\u00fan las primeras indagatorias, el doble homicidio habr\u00eda ocurrido tras un asalto.<\/p>\n","protected":false},"excerpt":{"rendered":"<p>Raymundo Morales\/Zona Roja. Oaxaca, Oax., a 29 de noviembre de 2025.- Dos personas del sexo&hellip;<\/p>\n","protected":false},"author":2,"featured_media":87443,"comment_status":"closed","ping_status":"open","sticky":false,"template":"","format":"standard","meta":{"_lmt_disableupdate":"","_lmt_disable":"","_jetpack_memberships_contains_paid_content":false,"footnotes":""},"categories":[109,51],"tags":[151],"class_list":["post-87435","post","type-post","status-publish","format-standard","has-post-thumbnail","hentry","category-minuto-a-minuto","category-zona-roja","tag-san-pedro-pochutla"],"jetpack_featured_media_url":"https:\/\/zonaroja.com.mx\/wp-content\/uploads\/2025\/11\/Dos-asesinados-carretera-Huatulco-Pochutla.jpg","jetpack_sharing_enabled":true,"_links":{"self":[{"href":"https:\/\/zonaroja.com.mx\/index.php?rest_route=\/wp\/v2\/posts\/87435","targetHints":{"allow":["GET"]}}],"collection":[{"href":"https:\/\/zonaroja.com.mx\/index.php?rest_route=\/wp\/v2\/posts"}],"about":[{"href":"https:\/\/zonaroja.com.mx\/index.php?rest_route=\/wp\/v2\/types\/post"}],"author":[{"embeddable":true,"href":"https:\/\/zonaroja.com.mx\/index.php?rest_route=\/wp\/v2\/users\/2"}],"replies":[{"embeddable":true,"href":"https:\/\/zonaroja.com.mx\/index.php?rest_route=%2Fwp%2Fv2%2Fcomments&post=87435"}],"version-history":[{"count":1,"href":"https:\/\/zonaroja.com.mx\/index.php?rest_route=\/wp\/v2\/posts\/87435\/revisions"}],"predecessor-version":[{"id":87444,"href":"https:\/\/zonaroja.com.mx\/index.php?rest_route=\/wp\/v2\/posts\/87435\/revisions\/87444"}],"wp:featuredmedia":[{"embeddable":true,"href":"https:\/\/zonaroja.com.mx\/index.php?rest_route=\/wp\/v2\/media\/87443"}],"wp:attachment":[{"href":"https:\/\/zonaroja.com.mx\/index.php?rest_route=%2Fwp%2Fv2%2Fmedia&parent=87435"}],"wp:term":[{"taxonomy":"category","embeddable":true,"href":"https:\/\/zonaroja.com.mx\/index.php?rest_route=%2Fwp%2Fv2%2Fcategories&post=87435"},{"taxonomy":"post_tag","embeddable":true,"href":"https:\/\/zonaroja.com.mx\/index.php?rest_route=%2Fwp%2Fv2%2Ftags&post=87435"}],"curies":[{"name":"wp","href":"https:\/\/api.w.org\/{rel}","templated":true}]}}