{"id":87445,"date":"2025-11-29T08:45:00","date_gmt":"2025-11-29T14:45:00","guid":{"rendered":"https:\/\/zonaroja.com.mx\/?p=87445"},"modified":"2025-11-29T07:11:43","modified_gmt":"2025-11-29T13:11:43","slug":"reconocen-la-semarnat-y-el-gobierno-de-oaxaca-preservacion-de-ecosistemas","status":"publish","type":"post","link":"https:\/\/zonaroja.com.mx\/?p=87445","title":{"rendered":"Reconocen la Semarnat y el gobierno de Oaxaca preservaci\u00f3n de ecosistemas"},"content":{"rendered":"\n<p>Redacci\u00f3n\/Zona Roja.&nbsp;<\/p>\n\n\n\n<p>Oaxaca, Oax., a 29 de noviembre de 2025.- El gobernador Salom\u00f3n Jara Cruz y la titular de la Secretar\u00eda de Medio Ambiente y Recursos Naturales (Semarnat), Alicia B\u00e1rcena Ibarra, inauguraron el Segundo Encuentro entre Autoridades Ambientales, Estatales y Representantes del Sector Ambiental, que destac\u00f3 la labor de las comunidades en la preservaci\u00f3n de los ecosistemas.<\/p>\n\n\n\n<p>En el Centro Cultural y de Convenciones de Oaxaca (CCCO), el mandatario estatal destac\u00f3 que estos encuentros entre las instancias ambientales son una oportunidad para fortalecer la gobernanza local y promover un desarrollo sostenible; de esta manera dese\u00f3 la consolidaci\u00f3n de agendas compartidas, mecanismos de cooperaci\u00f3n interinstitucional y estrategias regionales que fortalezcan la resiliencia de los entornos naturales.<\/p>\n\n\n\n<p>\u201cLa protecci\u00f3n ambiental solo ser\u00e1 efectiva si se construye desde una visi\u00f3n territorial y humana; M\u00e9xico enfrenta grandes desaf\u00edos, pero tambi\u00e9n tiene la fuerza de sus comunidades, de su conocimiento tradicional y el talento t\u00e9cnico\u201d, subray\u00f3.<\/p>\n\n\n\n<p>Este encuentro orientado a fortalecer las rutas de trabajo entre los tres niveles gobiernos para crear proyectos e iniciativas que contribuyan a la preservaci\u00f3n ambiental, con una visi\u00f3n humanitaria y de responsabilidad social, fue convocado por la Asociaci\u00f3n Nacional de Autoridades Ambientales Estatales (ANAAE); que reuni\u00f3 a 26 autoridades de 23 entidades federativas del pa\u00eds, en esta Segunda Asamblea Ordinaria.<\/p>\n\n\n\n<p>Jara Cruz resalt\u00f3 el trabajo impulsado mediante programas orientados a la conservaci\u00f3n de especies prioritarias; la restauraci\u00f3n de cuencas; la transici\u00f3n energ\u00e9tica; el manejo integral de residuos y la participaci\u00f3n comunitaria.<\/p>\n\n\n\n<p>La titular de la Semarnat, Alicia B\u00e1rcena Ibarra celebr\u00f3 este encuentro en Oaxaca, uno de los estados que concentra la mayor riqueza ambiental y es ejemplo de la pol\u00edtica ambiental, con gobernanza comunitaria y de participaci\u00f3n ind\u00edgena.<\/p>\n\n\n\n<p>\u201cEstar en Oaxaca nos abre esa puerta porque las comunidades han logrado tanto, que es interesante que nosotros podamos aprender de las organizaciones y activistas, y eso nos podr\u00eda llevar a una administraci\u00f3n eficaz de los recursos naturales\u201d, destac\u00f3.<\/p>\n\n\n\n<p>En su oportunidad, el secretario de Ecolog\u00eda y Medio Ambiente de Quintana Roo y presidente de la Mesa Directiva de la ANAAE, \u00d3scar R\u00e9bora Aguilera expres\u00f3 que este encuentro es especial porque M\u00e9xico vive una transici\u00f3n ambiental hist\u00f3rica con nuevos instrumentos y las agendas de restauraci\u00f3n que exigen coordinaci\u00f3n entre estados y la federaci\u00f3n.<\/p>\n\n\n\n<p>FESTIVAL DE AVES<\/p>\n\n\n\n<p>En otro acto, el mandatario estatal y la funcionaria federal inauguraron la tercera edici\u00f3n del Festival de las Aves de Oaxaca 2025 \u201cVolando a la Conservaci\u00f3n\u201d, espacio de divulgaci\u00f3n, educaci\u00f3n ambiental y reconocimiento a la red de monitoreo y aviturismo comunitario Nandaa \u00d1u&#8217;u, que en mixteco significa \u201clos que cuidan la tierra\u201d.<\/p>\n\n\n\n<p>Jara Cruz destac\u00f3 la labor que realiza este grupo que protege y defiende todos los d\u00edas la riqueza natural del estado, toda vez que de las casi mil 136 especies de aves registradas en M\u00e9xico, 754 habitan o transitan en Oaxaca.<\/p>\n\n\n\n<p>\u201cSu labor hecha con compromiso y arraigo, es uno de los pilares de conservaci\u00f3n en el estado, reconocemos su voz, conocimiento y entrega cotidiana; que esta edici\u00f3n sea un recordatorio de que la conservaci\u00f3n no es solo una tarea t\u00e9cnica, sino un acto de responsabilidad \u00e9tica con las futuras generaciones\u201d, afirm\u00f3.<\/p>\n\n\n\n<p>Durante el encuentro realizado en el Centro Cultural y de Convenciones de Oaxaca (CCCO), Jara Cruz reconoci\u00f3 que, en coordinaci\u00f3n con el Gobierno de M\u00e9xico, se fortalece la pol\u00edtica ambiental que atiende las causas de la p\u00e9rdida de h\u00e1bitat, la presi\u00f3n sobre los territorios y los efectos del cambio clim\u00e1tico.<\/p>\n\n\n\n<p>En este marco, tambi\u00e9n entreg\u00f3 reconocimientos a ocho representantes de grupos de monitoreo y aviturismo de las regiones Valles Centrales, Sierra de Ju\u00e1rez, Cuenca del Papaloapan y Costa. Adem\u00e1s, otorg\u00f3 certificados a las personas ganadoras del concurso de dibujo infantil y fotograf\u00eda.<\/p>\n\n\n\n<p>Por su parte, B\u00e1rcena Ibarra resalt\u00f3 que este festival, que inici\u00f3 en 2023, muestra la riqueza natural de Oaxaca y la responsabilidad del trabajo conjunto de los tres niveles de gobierno con la comunidad en favor de la protecci\u00f3n del medio ambiente.<\/p>\n","protected":false},"excerpt":{"rendered":"<p>Redacci\u00f3n\/Zona Roja.&nbsp; Oaxaca, Oax., a 29 de noviembre de 2025.- El gobernador Salom\u00f3n Jara Cruz&hellip;<\/p>\n","protected":false},"author":2,"featured_media":87441,"comment_status":"closed","ping_status":"open","sticky":false,"template":"","format":"standard","meta":{"_lmt_disableupdate":"","_lmt_disable":"","_jetpack_memberships_contains_paid_content":false,"footnotes":""},"categories":[109,46],"tags":[939],"class_list":["post-87445","post","type-post","status-publish","format-standard","has-post-thumbnail","hentry","category-minuto-a-minuto","category-zona-blanca","tag-salomon-jara-cruz"],"jetpack_featured_media_url":"https:\/\/zonaroja.com.mx\/wp-content\/uploads\/2025\/11\/Destaca-Salomon-Jara-labor-de-las-comunidades-en-la-proteccion-y-salvaguarda-de-los-ecosistemas-naturales-1.jpeg","jetpack_sharing_enabled":true,"_links":{"self":[{"href":"https:\/\/zonaroja.com.mx\/index.php?rest_route=\/wp\/v2\/posts\/87445","targetHints":{"allow":["GET"]}}],"collection":[{"href":"https:\/\/zonaroja.com.mx\/index.php?rest_route=\/wp\/v2\/posts"}],"about":[{"href":"https:\/\/zonaroja.com.mx\/index.php?rest_route=\/wp\/v2\/types\/post"}],"author":[{"embeddable":true,"href":"https:\/\/zonaroja.com.mx\/index.php?rest_route=\/wp\/v2\/users\/2"}],"replies":[{"embeddable":true,"href":"https:\/\/zonaroja.com.mx\/index.php?rest_route=%2Fwp%2Fv2%2Fcomments&post=87445"}],"version-history":[{"count":1,"href":"https:\/\/zonaroja.com.mx\/index.php?rest_route=\/wp\/v2\/posts\/87445\/revisions"}],"predecessor-version":[{"id":87446,"href":"https:\/\/zonaroja.com.mx\/index.php?rest_route=\/wp\/v2\/posts\/87445\/revisions\/87446"}],"wp:featuredmedia":[{"embeddable":true,"href":"https:\/\/zonaroja.com.mx\/index.php?rest_route=\/wp\/v2\/media\/87441"}],"wp:attachment":[{"href":"https:\/\/zonaroja.com.mx\/index.php?rest_route=%2Fwp%2Fv2%2Fmedia&parent=87445"}],"wp:term":[{"taxonomy":"category","embeddable":true,"href":"https:\/\/zonaroja.com.mx\/index.php?rest_route=%2Fwp%2Fv2%2Fcategories&post=87445"},{"taxonomy":"post_tag","embeddable":true,"href":"https:\/\/zonaroja.com.mx\/index.php?rest_route=%2Fwp%2Fv2%2Ftags&post=87445"}],"curies":[{"name":"wp","href":"https:\/\/api.w.org\/{rel}","templated":true}]}}