{"id":87447,"date":"2025-11-29T09:15:00","date_gmt":"2025-11-29T15:15:00","guid":{"rendered":"https:\/\/zonaroja.com.mx\/?p=87447"},"modified":"2025-11-29T07:35:19","modified_gmt":"2025-11-29T13:35:19","slug":"detiene-policia-municipal-de-oaxaca-a-dos-presuntos-asaltantes","status":"publish","type":"post","link":"https:\/\/zonaroja.com.mx\/?p=87447","title":{"rendered":"Detiene polic\u00eda municipal de Oaxaca a dos presuntos asaltantes"},"content":{"rendered":"\n<p>Redacci\u00f3n\/Zona Roja.<\/p>\n\n\n\n<p>Oaxaca, Oax., a 29 de noviembre de 2025.- En la zona del Mercado de Abasto, personal de la Secretar\u00eda de Seguridad Vecinal de Oaxaca de Ju\u00e1rez efectu\u00f3 la detenci\u00f3n de una persona, al ser se\u00f1alada como presunta responsable del delito de tentativa de robo con violencia.<\/p>\n\n\n\n<p>El jueves a las 18:20 horas, elementos de la Direcci\u00f3n de Proximidad Social realizaban patrullajes pi\u00e9 tierra y al caminar en Perif\u00e9rico, cerca de donde se ubicaba el puente peatonal, observaron a un grupo de personas.<\/p>\n\n\n\n<p>De entre ellas, una mujer les pidi\u00f3 ayuda y se\u00f1al\u00f3 a un sujeto que se hallaba en el mismo lugar, como quien momentos antes la amag\u00f3 con una navaja e intent\u00f3 despojarla de su tel\u00e9fono celular.<\/p>\n\n\n\n<p>La ofendida dijo que forcej\u00f3 con el sujeto, al mismo tiempo que fue auxiliada por otras personas, quienes lo rodearon y retuvieron en ese lugar.<\/p>\n\n\n\n<p>Ante el se\u00f1alamiento, realizaron la inspecci\u00f3n al sujeto, a quien le hallaron unas tijeras y un objeto met\u00e1lico tipo punta, con el que presuntamente amag\u00f3 a la mujer, por lo cual procedieron a su detenci\u00f3n y dijo llamarse Luis A. P. C., de 42 a\u00f1os de edad.<\/p>\n\n\n\n<p>El detenido qued\u00f3 a disposici\u00f3n de la Fiscal\u00eda General del Estado para determinar su situaci\u00f3n jur\u00eddica.<\/p>\n\n\n\n<p>En otro caso, la polic\u00eda municipal efectu\u00f3 la detenci\u00f3n de una persona al ser se\u00f1alada como presunta responsable del delito de robo.<\/p>\n\n\n\n<p>El jueves a las 17:27 horas, elementos de la Direcci\u00f3n de Proximidad Social aplicaban un operativo de prevenci\u00f3n, disuasi\u00f3n y vigilancia en las inmediaciones del Mercado de Abasto.<\/p>\n\n\n\n<p>Al circular en la calle Nu\u00f1o del Mercado casi esquina con prolongaci\u00f3n de Galeana, observaron que un grupo de personas rodeaba a un sujeto, mismas que les solicitaron apoyo.<\/p>\n\n\n\n<p>Un vecino, de 59 a\u00f1os de edad, se\u00f1al\u00f3 al sujeto retenido como el mismo que momentos antes desprendi\u00f3 el tap\u00f3n de uno de los rines de su veh\u00edculo Nissan tipo Tsuru, el cual corri\u00f3 para huir.<\/p>\n\n\n\n<p>Ante el se\u00f1alamiento y a petici\u00f3n de la parte ofendida, procedieron a la detenci\u00f3n de quien dijo llamarse Eduardo J. S. P., de 30 a\u00f1os de edad, quien junto con el objeto recuperado qued\u00f3 a disposici\u00f3n de la autoridad ministerial para determinar su situaci\u00f3n jur\u00eddica.<\/p>\n","protected":false},"excerpt":{"rendered":"<p>Redacci\u00f3n\/Zona Roja. Oaxaca, Oax., a 29 de noviembre de 2025.- En la zona del Mercado&hellip;<\/p>\n","protected":false},"author":2,"featured_media":72401,"comment_status":"closed","ping_status":"open","sticky":false,"template":"","format":"standard","meta":{"_lmt_disableupdate":"","_lmt_disable":"","_jetpack_memberships_contains_paid_content":false,"footnotes":""},"categories":[109,46],"tags":[148],"class_list":["post-87447","post","type-post","status-publish","format-standard","has-post-thumbnail","hentry","category-minuto-a-minuto","category-zona-blanca","tag-oaxaca-de-juarez"],"jetpack_featured_media_url":"https:\/\/zonaroja.com.mx\/wp-content\/uploads\/2024\/09\/Patrullaje-policia-municipal-Oaxaca.jpg","jetpack_sharing_enabled":true,"_links":{"self":[{"href":"https:\/\/zonaroja.com.mx\/index.php?rest_route=\/wp\/v2\/posts\/87447","targetHints":{"allow":["GET"]}}],"collection":[{"href":"https:\/\/zonaroja.com.mx\/index.php?rest_route=\/wp\/v2\/posts"}],"about":[{"href":"https:\/\/zonaroja.com.mx\/index.php?rest_route=\/wp\/v2\/types\/post"}],"author":[{"embeddable":true,"href":"https:\/\/zonaroja.com.mx\/index.php?rest_route=\/wp\/v2\/users\/2"}],"replies":[{"embeddable":true,"href":"https:\/\/zonaroja.com.mx\/index.php?rest_route=%2Fwp%2Fv2%2Fcomments&post=87447"}],"version-history":[{"count":1,"href":"https:\/\/zonaroja.com.mx\/index.php?rest_route=\/wp\/v2\/posts\/87447\/revisions"}],"predecessor-version":[{"id":87448,"href":"https:\/\/zonaroja.com.mx\/index.php?rest_route=\/wp\/v2\/posts\/87447\/revisions\/87448"}],"wp:featuredmedia":[{"embeddable":true,"href":"https:\/\/zonaroja.com.mx\/index.php?rest_route=\/wp\/v2\/media\/72401"}],"wp:attachment":[{"href":"https:\/\/zonaroja.com.mx\/index.php?rest_route=%2Fwp%2Fv2%2Fmedia&parent=87447"}],"wp:term":[{"taxonomy":"category","embeddable":true,"href":"https:\/\/zonaroja.com.mx\/index.php?rest_route=%2Fwp%2Fv2%2Fcategories&post=87447"},{"taxonomy":"post_tag","embeddable":true,"href":"https:\/\/zonaroja.com.mx\/index.php?rest_route=%2Fwp%2Fv2%2Ftags&post=87447"}],"curies":[{"name":"wp","href":"https:\/\/api.w.org\/{rel}","templated":true}]}}