{"id":87451,"date":"2025-11-29T10:38:00","date_gmt":"2025-11-29T16:38:00","guid":{"rendered":"https:\/\/zonaroja.com.mx\/?p=87451"},"modified":"2025-11-29T07:53:49","modified_gmt":"2025-11-29T13:53:49","slug":"tercer-ataque-armado-en-juchitan-en-un-dia-tres-asesinados","status":"publish","type":"post","link":"https:\/\/zonaroja.com.mx\/?p=87451","title":{"rendered":"Tercer ataque armado en Juchit\u00e1n en un d\u00eda; tres asesinados"},"content":{"rendered":"\n<p>Raymundo Morales\/Zona Roja.<\/p>\n\n\n\n<p>Oaxaca, Oax., a 29 de noviembre de 2025.- Un tercer ataque armado se registr\u00f3 ayer viernes en Juchit\u00e1n de Zaragoza, con saldo en un d\u00eda de tres personas asesinadas, en hechos distintos.<\/p>\n\n\n\n<p>La m\u00e1s reciente agresi\u00f3n armada sucedi\u00f3 anoche en en una vialidad de la colonia 6 de Noviembre de dicho municipio, donde ultimaron a quien de manera preliminar identificaron como Daniel B.<\/p>\n\n\n\n<p>Tras las llamadas de auxilio, corporaciones de auxilio y policiacas arribaron a la zona pero corroboraron que el individuo ya no contaba con signos vitales.<\/p>\n\n\n\n<p>Mientras tanto, anoche de manera extraoficial se dio a conocer el fallecimiento de Alan F. P., quien fue atacado a balazos ayer por la tarde en la calle Ju\u00e1rez de la Cuarta Secci\u00f3n, cerca del centro de dicha ciudad istme\u00f1a.<\/p>\n\n\n\n<p>Por la noche se inform\u00f3 que perdi\u00f3 la vida en un hospital, debido a la gravedad de las lesiones.<\/p>\n\n\n\n<p>Por la ma\u00f1ana, en la b\u00e1scula ganadera ubicada a un costado de la carretera Juchit\u00e1n-La Ventosa, fue ejecutado un individuo identificado como Tom\u00e1s M; los agresores lograron huir.<\/p>\n\n\n\n<p>Hasta el momento no hay personas detenidas y la poblaci\u00f3n juchiteca insiste en exigir al presidente municipal morenista, Miguel S\u00e1nchez Altamirano, que garantice la seguridad para los habitantes, ya que la ola de violencia no para.<\/p>\n\n\n\n<p>En tanto, la Fiscal\u00eda General del Estado de Oaxaca dio a conocer que, a trav\u00e9s de la Vicefiscal\u00eda Regional del Istmo, contin\u00faa con las indagatorias para esclarecer el caso.<\/p>\n","protected":false},"excerpt":{"rendered":"<p>Raymundo Morales\/Zona Roja. Oaxaca, Oax., a 29 de noviembre de 2025.- Un tercer ataque armado&hellip;<\/p>\n","protected":false},"author":2,"featured_media":84031,"comment_status":"closed","ping_status":"open","sticky":false,"template":"","format":"standard","meta":{"_lmt_disableupdate":"","_lmt_disable":"","_jetpack_memberships_contains_paid_content":false,"footnotes":""},"categories":[109,51],"tags":[297],"class_list":["post-87451","post","type-post","status-publish","format-standard","has-post-thumbnail","hentry","category-minuto-a-minuto","category-zona-roja","tag-ejecutado-juchitan"],"jetpack_featured_media_url":"https:\/\/zonaroja.com.mx\/wp-content\/uploads\/2025\/08\/Juchitan-de-Zaragoza.jpg","jetpack_sharing_enabled":true,"_links":{"self":[{"href":"https:\/\/zonaroja.com.mx\/index.php?rest_route=\/wp\/v2\/posts\/87451","targetHints":{"allow":["GET"]}}],"collection":[{"href":"https:\/\/zonaroja.com.mx\/index.php?rest_route=\/wp\/v2\/posts"}],"about":[{"href":"https:\/\/zonaroja.com.mx\/index.php?rest_route=\/wp\/v2\/types\/post"}],"author":[{"embeddable":true,"href":"https:\/\/zonaroja.com.mx\/index.php?rest_route=\/wp\/v2\/users\/2"}],"replies":[{"embeddable":true,"href":"https:\/\/zonaroja.com.mx\/index.php?rest_route=%2Fwp%2Fv2%2Fcomments&post=87451"}],"version-history":[{"count":1,"href":"https:\/\/zonaroja.com.mx\/index.php?rest_route=\/wp\/v2\/posts\/87451\/revisions"}],"predecessor-version":[{"id":87452,"href":"https:\/\/zonaroja.com.mx\/index.php?rest_route=\/wp\/v2\/posts\/87451\/revisions\/87452"}],"wp:featuredmedia":[{"embeddable":true,"href":"https:\/\/zonaroja.com.mx\/index.php?rest_route=\/wp\/v2\/media\/84031"}],"wp:attachment":[{"href":"https:\/\/zonaroja.com.mx\/index.php?rest_route=%2Fwp%2Fv2%2Fmedia&parent=87451"}],"wp:term":[{"taxonomy":"category","embeddable":true,"href":"https:\/\/zonaroja.com.mx\/index.php?rest_route=%2Fwp%2Fv2%2Fcategories&post=87451"},{"taxonomy":"post_tag","embeddable":true,"href":"https:\/\/zonaroja.com.mx\/index.php?rest_route=%2Fwp%2Fv2%2Ftags&post=87451"}],"curies":[{"name":"wp","href":"https:\/\/api.w.org\/{rel}","templated":true}]}}