{"id":87456,"date":"2025-11-29T13:00:00","date_gmt":"2025-11-29T19:00:00","guid":{"rendered":"https:\/\/zonaroja.com.mx\/?p=87456"},"modified":"2025-11-29T08:00:43","modified_gmt":"2025-11-29T14:00:43","slug":"inaugura-presidenta-municipal-mas-obras-en-xoxocotlan","status":"publish","type":"post","link":"https:\/\/zonaroja.com.mx\/?p=87456","title":{"rendered":"Inaugura presidenta municipal m\u00e1s obras en Xoxocotl\u00e1n"},"content":{"rendered":"\n<p>Redacci\u00f3n\/Zona Roja.<\/p>\n\n\n\n<p>Oaxaca, Oax., a 29 de noviembre de 2025.- En un ambiente de entusiasmo, la presidenta municipal de Santa Cruz Xoxocotl\u00e1n, Nancy Ben\u00edtez Z\u00e1rate inaugur\u00f3 la construcci\u00f3n del techado en las \u00e1reas de uso m\u00faltiple de la Escuela Secundaria General \u201cLic. Genaro V. V\u00e1zquez\u201d.<\/p>\n\n\n\n<p>Con esta labor, m\u00e1s de 800 estudiantes contar\u00e1n con mejores condiciones para realizar actividades deportivas, c\u00edvicas y recreativas.<\/p>\n\n\n\n<p>Por otro lado, en la Primera Privada de Camino Antiguo a San Bartolo Coyotepec, la edil xoxe\u00f1a dio el banderazo de inicio a la pavimentaci\u00f3n a base de adoqu\u00edn.<\/p>\n\n\n\n<p>De igual forma, en el Barrio de la Cruz comenzaron los trabajos de rehabilitaci\u00f3n de la red de drenaje sanitario en las calles Progreso y Ray\u00f3n, una obra indispensable para mejorar el sistema de saneamiento de la zona.<\/p>\n\n\n\n<p>Mientras que en el Barrio La Horqueta se puso en marcha la construcci\u00f3n de pavimento con adoqu\u00edn en la calle Fray Bernardino de Minaya, atendiendo as\u00ed una solicitud que permitir\u00e1 mejorar la movilidad diaria de las y los xoxe\u00f1os.<\/p>\n\n\n\n<p>Finalmente, en la colonia Oaxaque\u00f1a se inici\u00f3 la pavimentaci\u00f3n con concreto hidr\u00e1ulico en la Calzada del Pante\u00f3n, reforzando la infraestructura vial en un punto de tr\u00e1nsito esencial para las y los colonos.<\/p>\n\n\n\n<p>Con estas obras de arranque, el Ayuntamiento de Santa Cruz Xoxocotl\u00e1n beneficia en conjunto a m\u00e1s de 700 habitantes, reafirmando as\u00ed su compromiso de impulsar acciones que fortalezcan la infraestructura y mejoren la calidad de vida en cada colonia y barrio del municipio.<\/p>\n\n\n\n<p>INAGURA MERCADO ARTESANAL<\/p>\n\n\n\n<p>En otro acto, con m\u00fasica, baile y un ambiente lleno de orgullo comunitario, la agencia municipal de San Antonio Arrazola celebr\u00f3 la inauguraci\u00f3n del nuevo Mercado Artesanal, un espacio destinado a reunir a las y los artesanos que tallan madera para que puedan exhibir y vender sus obras al p\u00fablico.<\/p>\n\n\n\n<p>Durante el evento, la presidenta municipal de Santa Cruz Xoxocotl\u00e1n, Nancy Ben\u00edtez Z\u00e1rate, acompa\u00f1ada por integrantes del Cabildo, destac\u00f3 la importancia de impulsar el talento local. Se\u00f1al\u00f3 que el Ayuntamiento mantiene un firme compromiso con el fortalecimiento del sector artesanal y con la creaci\u00f3n de espacios que dignifiquen su trabajo.<\/p>\n\n\n\n<p>Adem\u00e1s de la exposici\u00f3n de piezas talladas en madera, el mercado ofrecer\u00e1 muestras gastron\u00f3micas para que visitantes y habitantes puedan disfrutar de la riqueza cultural de la comunidad.<\/p>\n\n\n\n<p>ARRANCAN CAMPA\u00d1A<\/p>\n\n\n\n<p>Por otra parte, la Comisi\u00f3n Estatal de B\u00fasqueda de Personas Desaparecidas de Oaxaca (CEBPDO) puso en marcha la segunda etapa de la campa\u00f1a Red Joven por la Prevenci\u00f3n en la Escuela Secundaria Federal 21 de Noviembre, con el prop\u00f3sito de generar espacios de reflexi\u00f3n y aprendizaje sobre la desaparici\u00f3n de adolescentes.<\/p>\n\n\n\n<p>La presidenta municipal, Nancy Ben\u00edtez Z\u00e1rate, acompa\u00f1ada de integrantes del Cabildo, resalt\u00f3 la importancia de impulsar acciones que permitan a las y los j\u00f3venes identificar riesgos, saber c\u00f3mo actuar ante una emergencia y reconocer las redes de apoyo, as\u00ed como los derechos que les protegen.<\/p>\n\n\n\n<p>Durante la jornada se llevaron a cabo talleres y pl\u00e1ticas dirigidas al alumnado, donde se brindaron herramientas pr\u00e1cticas para responder con responsabilidad ante situaciones de peligro. Asimismo, se foment\u00f3 el di\u00e1logo desde una perspectiva preventiva y con enfoque de derechos humanos.<\/p>\n","protected":false},"excerpt":{"rendered":"<p>Redacci\u00f3n\/Zona Roja. Oaxaca, Oax., a 29 de noviembre de 2025.- En un ambiente de entusiasmo,&hellip;<\/p>\n","protected":false},"author":2,"featured_media":87442,"comment_status":"closed","ping_status":"open","sticky":false,"template":"","format":"standard","meta":{"_lmt_disableupdate":"","_lmt_disable":"","_jetpack_memberships_contains_paid_content":false,"footnotes":""},"categories":[109,46],"tags":[133],"class_list":["post-87456","post","type-post","status-publish","format-standard","has-post-thumbnail","hentry","category-minuto-a-minuto","category-zona-blanca","tag-santa-cruz-xoxocotlan"],"jetpack_featured_media_url":"https:\/\/zonaroja.com.mx\/wp-content\/uploads\/2025\/11\/Continua-Nancy-Benitez-fortaleciendo-infraestructura-educativa-y-urbana-4.jpeg","jetpack_sharing_enabled":true,"_links":{"self":[{"href":"https:\/\/zonaroja.com.mx\/index.php?rest_route=\/wp\/v2\/posts\/87456","targetHints":{"allow":["GET"]}}],"collection":[{"href":"https:\/\/zonaroja.com.mx\/index.php?rest_route=\/wp\/v2\/posts"}],"about":[{"href":"https:\/\/zonaroja.com.mx\/index.php?rest_route=\/wp\/v2\/types\/post"}],"author":[{"embeddable":true,"href":"https:\/\/zonaroja.com.mx\/index.php?rest_route=\/wp\/v2\/users\/2"}],"replies":[{"embeddable":true,"href":"https:\/\/zonaroja.com.mx\/index.php?rest_route=%2Fwp%2Fv2%2Fcomments&post=87456"}],"version-history":[{"count":1,"href":"https:\/\/zonaroja.com.mx\/index.php?rest_route=\/wp\/v2\/posts\/87456\/revisions"}],"predecessor-version":[{"id":87457,"href":"https:\/\/zonaroja.com.mx\/index.php?rest_route=\/wp\/v2\/posts\/87456\/revisions\/87457"}],"wp:featuredmedia":[{"embeddable":true,"href":"https:\/\/zonaroja.com.mx\/index.php?rest_route=\/wp\/v2\/media\/87442"}],"wp:attachment":[{"href":"https:\/\/zonaroja.com.mx\/index.php?rest_route=%2Fwp%2Fv2%2Fmedia&parent=87456"}],"wp:term":[{"taxonomy":"category","embeddable":true,"href":"https:\/\/zonaroja.com.mx\/index.php?rest_route=%2Fwp%2Fv2%2Fcategories&post=87456"},{"taxonomy":"post_tag","embeddable":true,"href":"https:\/\/zonaroja.com.mx\/index.php?rest_route=%2Fwp%2Fv2%2Ftags&post=87456"}],"curies":[{"name":"wp","href":"https:\/\/api.w.org\/{rel}","templated":true}]}}