{"id":87458,"date":"2025-11-29T08:08:20","date_gmt":"2025-11-29T14:08:20","guid":{"rendered":"https:\/\/zonaroja.com.mx\/?p=87458"},"modified":"2025-11-29T08:08:22","modified_gmt":"2025-11-29T14:08:22","slug":"proyectan-derrama-economica-superior-a-mil-600-mdp-en-temporada-decembrina","status":"publish","type":"post","link":"https:\/\/zonaroja.com.mx\/?p=87458","title":{"rendered":"Proyectan derrama econ\u00f3mica superior a mil 600 mdp en temporada decembrina"},"content":{"rendered":"\n<p>Redacci\u00f3n\/Zona Roja.&nbsp;<\/p>\n\n\n\n<p>Oaxaca de Ju\u00e1rez, Oax., a 29 de noviembre de 2025.\u2013 La Secretar\u00eda de Turismo (Sectur Oaxaca) anunci\u00f3 una proyecci\u00f3n de mil 642 millones de pesos en derrama econ\u00f3mica durante la pr\u00f3xima temporada decembrina en la Ciudad de Oaxaca, Bah\u00edas de Huatulco y Puerto Escondido.<\/p>\n\n\n\n<p>En conferencia de prensa, la subsecretaria de Operaci\u00f3n Tur\u00edstica, Mariel L\u00f3pez Villatoro detall\u00f3 que del 19 de diciembre de 2025 al 11 de enero de 2026 se prev\u00e9 una ocupaci\u00f3n hotelera promedio del 71.13 por ciento.<\/p>\n\n\n\n<p>Para la capital, se estima una derrama cercana a 479 millones de pesos, ante la llegada de m\u00e1s de 112 mil visitantes, y una ocupaci\u00f3n hotelera del 65.66 por ciento.<\/p>\n\n\n\n<p>Como parte de la Cosecha de R\u00e1banos, el 20 de diciembre se llevar\u00e1 a cabo la puesta en escena alusiva a la festividad, en colaboraci\u00f3n con el Grupo Folcl\u00f3rico de Oaxaca A.C. Adem\u00e1s, en coordinaci\u00f3n con la empresa El Andador, se ofrecer\u00e1 transporte gratuito para familias y visitantes, con salida a las 7:00 horas desde el Parque Ju\u00e1rez El Llano.<\/p>\n\n\n\n<p>El 22 de diciembre, a las 18:00 horas, se realizar\u00e1 el Desfile de Noche de R\u00e1banos partiendo desde la Fuente de las Ocho Regiones, seguido de un concierto en la Alameda de Le\u00f3n a las 20:00 horas.<\/p>\n\n\n\n<p>Con estas acciones la dependencia se suma al Festival Navide\u00f1o de la Primavera Oaxaque\u00f1a, que se llevar\u00e1 a cabo del 30 de noviembre al 6 de enero en la capital del estado.<\/p>\n","protected":false},"excerpt":{"rendered":"<p>Redacci\u00f3n\/Zona Roja.&nbsp; Oaxaca de Ju\u00e1rez, Oax., a 29 de noviembre de 2025.\u2013 La Secretar\u00eda de&hellip;<\/p>\n","protected":false},"author":2,"featured_media":68457,"comment_status":"closed","ping_status":"open","sticky":false,"template":"","format":"standard","meta":{"_lmt_disableupdate":"","_lmt_disable":"","_jetpack_memberships_contains_paid_content":false,"footnotes":""},"categories":[109,46],"tags":[1031],"class_list":["post-87458","post","type-post","status-publish","format-standard","has-post-thumbnail","hentry","category-minuto-a-minuto","category-zona-blanca","tag-secretaria-de-turismo-oaxaca"],"jetpack_featured_media_url":"https:\/\/zonaroja.com.mx\/wp-content\/uploads\/2024\/05\/Ciudad-de-Oaxaca.jpeg","jetpack_sharing_enabled":true,"_links":{"self":[{"href":"https:\/\/zonaroja.com.mx\/index.php?rest_route=\/wp\/v2\/posts\/87458","targetHints":{"allow":["GET"]}}],"collection":[{"href":"https:\/\/zonaroja.com.mx\/index.php?rest_route=\/wp\/v2\/posts"}],"about":[{"href":"https:\/\/zonaroja.com.mx\/index.php?rest_route=\/wp\/v2\/types\/post"}],"author":[{"embeddable":true,"href":"https:\/\/zonaroja.com.mx\/index.php?rest_route=\/wp\/v2\/users\/2"}],"replies":[{"embeddable":true,"href":"https:\/\/zonaroja.com.mx\/index.php?rest_route=%2Fwp%2Fv2%2Fcomments&post=87458"}],"version-history":[{"count":1,"href":"https:\/\/zonaroja.com.mx\/index.php?rest_route=\/wp\/v2\/posts\/87458\/revisions"}],"predecessor-version":[{"id":87459,"href":"https:\/\/zonaroja.com.mx\/index.php?rest_route=\/wp\/v2\/posts\/87458\/revisions\/87459"}],"wp:featuredmedia":[{"embeddable":true,"href":"https:\/\/zonaroja.com.mx\/index.php?rest_route=\/wp\/v2\/media\/68457"}],"wp:attachment":[{"href":"https:\/\/zonaroja.com.mx\/index.php?rest_route=%2Fwp%2Fv2%2Fmedia&parent=87458"}],"wp:term":[{"taxonomy":"category","embeddable":true,"href":"https:\/\/zonaroja.com.mx\/index.php?rest_route=%2Fwp%2Fv2%2Fcategories&post=87458"},{"taxonomy":"post_tag","embeddable":true,"href":"https:\/\/zonaroja.com.mx\/index.php?rest_route=%2Fwp%2Fv2%2Ftags&post=87458"}],"curies":[{"name":"wp","href":"https:\/\/api.w.org\/{rel}","templated":true}]}}