{"id":87464,"date":"2025-11-29T20:08:49","date_gmt":"2025-11-30T02:08:49","guid":{"rendered":"https:\/\/zonaroja.com.mx\/?p=87464"},"modified":"2025-11-29T20:08:49","modified_gmt":"2025-11-30T02:08:49","slug":"acusan-encubrimiento-del-pri-a-agravios-cometidos-por-dirigente-campesino","status":"publish","type":"post","link":"https:\/\/zonaroja.com.mx\/?p=87464","title":{"rendered":"Acusan encubrimiento del PRI a agravios cometidos por dirigente campesino"},"content":{"rendered":"\n<p>Lisbeth Mej\u00eda Reyes\/Zona Roja. <\/p>\n\n\n\n<p>Oaxaca, Oax.. a 29 de noviembre de 2025.- Integrantes de la Confederaci\u00f3n Nacional Campesina (CNC) Oaxaca expresaron p\u00fablicamente su preocupaci\u00f3n e indignaci\u00f3n por los presuntos agravios y agresiones cometidos por su dirigente, Amando Boh\u00f3rquez Reyes, y lamentaron que el Partido Revolucionario Institucional (PRI) haya tolerado estas acciones y protegido al l\u00edder.<\/p>\n\n\n\n<p>A trav\u00e9s de una carta p\u00fablica dirigida al gobernador Salom\u00f3n Jara Cruz, a la Fiscal\u00eda General del Estado de Oaxaca, as\u00ed como a la opini\u00f3n p\u00fablica y medios de comunicaci\u00f3n, los miembros de esta organizaci\u00f3n vinculada al PRI solicitaron la intervenci\u00f3n de las autoridades para que se investiguen los hechos y se garantice el acceso a la justicia para las v\u00edctimas.<\/p>\n\n\n\n<p>En el documento de fecha 27 de noviembre, secretarios, militantes y simpatizantes de la CNC Oaxaca detallaron algunos de los hechos presuntamente cometidos por Boh\u00f3rquez y de los cuales incluso hay denuncias penales.<\/p>\n\n\n\n<p>Por ejemplo, citaron \u00abla presunta agresi\u00f3n sexual cometida por el dirigente estatal\u00bb en contra de \u00abuna compa\u00f1era secretaria representante del Comit\u00e9 Directivo Estatal de la CNC, situaci\u00f3n que ya fue denunciada formalmente ante la Fiscal\u00eda General del Estado de Oaxaca\u00bb.<\/p>\n\n\n\n<p>Otro agravio se\u00f1alado en la carta es \u00abel despido injustificado de la trabajadora Socorro L\u00f3pez Antonio, mujer ind\u00edgena y madre soltera, ocurrido en el mes de marzo\u00bb e instruido presuntamente por Boh\u00f3rquez. <\/p>\n\n\n\n<p>Pero tambi\u00e9n tolerado por la dirigencia del PRI, que representa Mar\u00eda del Carmen Ric\u00e1rdez Vela, y ante el cual denunciaron el hecho. <\/p>\n\n\n\n<p>De este despido, tambi\u00e9n se\u00f1alaron la tolerancia por parte del Organismo Nacional de Mujeres Pri\u00edstas, que dirige Araceli Maldonado Garc\u00eda.<\/p>\n\n\n\n<p>La confederaci\u00f3n, recordaron, ha recibido financiamiento del PRI \u00abbajo la premisa de representar a comunidades agrarias, comisariados, bienes comunales, campesinos y sindicatos campesinos\u00bb. <\/p>\n\n\n\n<p>Sin embargo, \u00abse ha comprobado que no existe un respaldo leg\u00edtimo ni apoyo real a dichas comunidades\u00bb, por lo que advirtieron de una posible \u00absimulaci\u00f3n de representaci\u00f3n y un fraude en perjuicio de los pueblos y sectores agrarios del estado\u00bb.<\/p>\n\n\n\n<p>En el documento, agregaron que estos hechos vulneran gravemente la dignidad, integridad y derechos humanos de las personas, pero tambi\u00e9n evidencian fallas estructurales en el instituto pol\u00edtico, ya que ha protegido \u00aba liderazgos pol\u00edticos frente a denuncias de violencia, abuso de poder, malversaci\u00f3n de recursos y posibles delitos de car\u00e1cter penal\u00bb.<\/p>\n","protected":false},"excerpt":{"rendered":"<p>Lisbeth Mej\u00eda Reyes\/Zona Roja. Oaxaca, Oax.. a 29 de noviembre de 2025.- Integrantes de la&hellip;<\/p>\n","protected":false},"author":2,"featured_media":87463,"comment_status":"closed","ping_status":"open","sticky":false,"template":"","format":"standard","meta":{"_lmt_disableupdate":"","_lmt_disable":"","_jetpack_memberships_contains_paid_content":false,"footnotes":""},"categories":[109,47],"tags":[],"class_list":["post-87464","post","type-post","status-publish","format-standard","has-post-thumbnail","hentry","category-minuto-a-minuto","category-zona-gris"],"jetpack_featured_media_url":"https:\/\/zonaroja.com.mx\/wp-content\/uploads\/2025\/11\/img_3605.jpg","jetpack_sharing_enabled":true,"_links":{"self":[{"href":"https:\/\/zonaroja.com.mx\/index.php?rest_route=\/wp\/v2\/posts\/87464","targetHints":{"allow":["GET"]}}],"collection":[{"href":"https:\/\/zonaroja.com.mx\/index.php?rest_route=\/wp\/v2\/posts"}],"about":[{"href":"https:\/\/zonaroja.com.mx\/index.php?rest_route=\/wp\/v2\/types\/post"}],"author":[{"embeddable":true,"href":"https:\/\/zonaroja.com.mx\/index.php?rest_route=\/wp\/v2\/users\/2"}],"replies":[{"embeddable":true,"href":"https:\/\/zonaroja.com.mx\/index.php?rest_route=%2Fwp%2Fv2%2Fcomments&post=87464"}],"version-history":[{"count":1,"href":"https:\/\/zonaroja.com.mx\/index.php?rest_route=\/wp\/v2\/posts\/87464\/revisions"}],"predecessor-version":[{"id":87465,"href":"https:\/\/zonaroja.com.mx\/index.php?rest_route=\/wp\/v2\/posts\/87464\/revisions\/87465"}],"wp:featuredmedia":[{"embeddable":true,"href":"https:\/\/zonaroja.com.mx\/index.php?rest_route=\/wp\/v2\/media\/87463"}],"wp:attachment":[{"href":"https:\/\/zonaroja.com.mx\/index.php?rest_route=%2Fwp%2Fv2%2Fmedia&parent=87464"}],"wp:term":[{"taxonomy":"category","embeddable":true,"href":"https:\/\/zonaroja.com.mx\/index.php?rest_route=%2Fwp%2Fv2%2Fcategories&post=87464"},{"taxonomy":"post_tag","embeddable":true,"href":"https:\/\/zonaroja.com.mx\/index.php?rest_route=%2Fwp%2Fv2%2Ftags&post=87464"}],"curies":[{"name":"wp","href":"https:\/\/api.w.org\/{rel}","templated":true}]}}