{"id":87467,"date":"2025-11-30T07:45:00","date_gmt":"2025-11-30T13:45:00","guid":{"rendered":"https:\/\/zonaroja.com.mx\/?p=87467"},"modified":"2025-11-30T06:15:21","modified_gmt":"2025-11-30T12:15:21","slug":"buscan-a-4-traileros-de-tamaulipas-desaparecidos-en-oaxaca","status":"publish","type":"post","link":"https:\/\/zonaroja.com.mx\/?p=87467","title":{"rendered":"Buscan a 4 traileros de Tamaulipas desaparecidos en Oaxaca"},"content":{"rendered":"\n<p>Redacci\u00f3n\/Zona Roja Cdmx.<\/p>\n\n\n\n<p>(Informaci\u00f3n de Infobae M\u00e9xico)<\/p>\n\n\n\n<p>Ciudad de M\u00e9xico, a 30 de noviembre de 2025.- La desaparici\u00f3n de cuatro conductores de tr\u00e1ileres originarios de Tamaulipas en el municipio de Mat\u00edas Romero, en la regi\u00f3n del Istmo de Tehuantepec, Oaxaca, ha encendido las alarmas entre la comunidad transportista y sus familias.<\/p>\n\n\n\n<p>La Comisi\u00f3n Estatal de B\u00fasqueda de Personas de Oaxaca confirm\u00f3 que los hombres, identificados como Juan Jos\u00e9 P\u00e9rez Hern\u00e1ndez, Andr\u00e9s Eloy Ramos Ceja, Aldher Francisco Moreno Hern\u00e1ndez y Fernando Castro Morales, fueron vistos por \u00faltima vez el 20 de noviembre de 2025 en las inmediaciones de la pensi\u00f3n de Petr\u00f3leos Mexicanos (Pemex), sobre la carretera Trans\u00edstmica.<\/p>\n\n\n\n<p>La preocupaci\u00f3n por la seguridad en las rutas de transporte se intensific\u00f3 el mismo d\u00eda en que transportistas de todo el pa\u00eds realizaron manifestaciones para exigir acciones contra la inseguridad. Seg\u00fan un reporte de la Asociaci\u00f3n Nacional Transportista (ANTAC), citado por \u201cReforma\u201d, los operadores sufren hasta 70 robos diarios de unidades y mercanc\u00edas en M\u00e9xico.&nbsp;<\/p>\n\n\n\n<p>La Confederaci\u00f3n Patronal de la Rep\u00fablica Mexicana (Coparmex) tambi\u00e9n urgi\u00f3 a las autoridades a atender este problema, subrayando la vulnerabilidad de quienes trabajan en el sector.<\/p>\n\n\n\n<p>Las denuncias por la desaparici\u00f3n de los cuatro ch\u00f3feres fueron presentadas ante la Fiscal\u00eda General de Oaxaca, que, junto con la Comisi\u00f3n Estatal de B\u00fasqueda, mantiene activas las fichas de b\u00fasqueda y coordina esfuerzos para localizarlos.<\/p>\n\n\n\n<p>La investigaci\u00f3n se concentra en la zona donde los hombres fueron vistos por \u00faltima vez, cerca de la Terminal de Almacenamiento y Despacho de Pemex en Mat\u00edas Romero Avenda\u00f1o.&nbsp;<\/p>\n\n\n\n<p>En el caso de Aldher Francisco Moreno Hern\u00e1ndez, la Comisi\u00f3n precis\u00f3 que su desaparici\u00f3n ocurri\u00f3 durante el trayecto desde Reynosa, Tamaulipas, hasta Oaxaca, aunque medios locales informaron que todos los conductores proven\u00edan de Tamaulipas.<\/p>\n\n\n\n<p>La Comisi\u00f3n Estatal de B\u00fasqueda difundi\u00f3 alertas con informaci\u00f3n detallada sobre las caracter\u00edsticas f\u00edsicas y la vestimenta de los desaparecidos, con el objetivo de facilitar su localizaci\u00f3n.<\/p>\n\n\n\n<p>Juan Jos\u00e9 P\u00e9rez Hern\u00e1ndez, de treinta y siete a\u00f1os, tiene un lunar en la mejilla derecha y una cicatriz en el brazo izquierdo; vest\u00eda una playera gris de cuello redondo, pantal\u00f3n de mezclilla y tenis azules. Andr\u00e9s Eloy Ramos Ceja, de veintiocho a\u00f1os, presenta tatuajes visibles en el pecho, antebrazo derecho y brazo derecho, con las leyendas \u201cAndr\u00e9s\u201d, \u201cAndrea\u201d, \u201cEmily\u201d y la figura de dos manos con rosario; llevaba una playera tipo polo, pantal\u00f3n de mezclilla y tenis blancos o sandalias.<\/p>\n\n\n\n<p>Aldher Francisco Moreno Hern\u00e1ndez, de treinta y ocho a\u00f1os, tiene un lunar entre las cejas y bajo el ojo derecho, adem\u00e1s de una fractura en un diente frontal superior; vest\u00eda una playera Wilson azul, pantal\u00f3n de mezclilla azul, botas color ladrillo y gorra caqui. Fernando Castro Morales, de cuarenta y un a\u00f1os, destaca por su barba larga y un golpe en la ceja izquierda; vest\u00eda un overol naranja.<\/p>\n\n\n\n<p>La Comisi\u00f3n Estatal de B\u00fasqueda no proporcion\u00f3 informaci\u00f3n sobre las empresas transportistas a las que pertenec\u00edan los conductores, pero reiter\u00f3 que los cuatro desaparecieron en el municipio de Mat\u00edas Romero. Las autoridades mantienen la investigaci\u00f3n en curso y contin\u00faan solicitando la colaboraci\u00f3n de la ciudadan\u00eda para aportar cualquier dato que ayude a dar con el paradero de los ch\u00f3feres.<\/p>\n","protected":false},"excerpt":{"rendered":"<p>Redacci\u00f3n\/Zona Roja Cdmx. (Informaci\u00f3n de Infobae M\u00e9xico) Ciudad de M\u00e9xico, a 30 de noviembre de&hellip;<\/p>\n","protected":false},"author":2,"featured_media":87468,"comment_status":"closed","ping_status":"open","sticky":false,"template":"","format":"standard","meta":{"_lmt_disableupdate":"","_lmt_disable":"","_jetpack_memberships_contains_paid_content":false,"footnotes":""},"categories":[109,47],"tags":[4556],"class_list":["post-87467","post","type-post","status-publish","format-standard","has-post-thumbnail","hentry","category-minuto-a-minuto","category-zona-gris","tag-desaparecidos-de-tamaulipas-en-oaxaca"],"jetpack_featured_media_url":"https:\/\/zonaroja.com.mx\/wp-content\/uploads\/2025\/11\/Traileros-de-Tamaulipas-desaparecidos-en-Oaxaca.jpg","jetpack_sharing_enabled":true,"_links":{"self":[{"href":"https:\/\/zonaroja.com.mx\/index.php?rest_route=\/wp\/v2\/posts\/87467","targetHints":{"allow":["GET"]}}],"collection":[{"href":"https:\/\/zonaroja.com.mx\/index.php?rest_route=\/wp\/v2\/posts"}],"about":[{"href":"https:\/\/zonaroja.com.mx\/index.php?rest_route=\/wp\/v2\/types\/post"}],"author":[{"embeddable":true,"href":"https:\/\/zonaroja.com.mx\/index.php?rest_route=\/wp\/v2\/users\/2"}],"replies":[{"embeddable":true,"href":"https:\/\/zonaroja.com.mx\/index.php?rest_route=%2Fwp%2Fv2%2Fcomments&post=87467"}],"version-history":[{"count":1,"href":"https:\/\/zonaroja.com.mx\/index.php?rest_route=\/wp\/v2\/posts\/87467\/revisions"}],"predecessor-version":[{"id":87469,"href":"https:\/\/zonaroja.com.mx\/index.php?rest_route=\/wp\/v2\/posts\/87467\/revisions\/87469"}],"wp:featuredmedia":[{"embeddable":true,"href":"https:\/\/zonaroja.com.mx\/index.php?rest_route=\/wp\/v2\/media\/87468"}],"wp:attachment":[{"href":"https:\/\/zonaroja.com.mx\/index.php?rest_route=%2Fwp%2Fv2%2Fmedia&parent=87467"}],"wp:term":[{"taxonomy":"category","embeddable":true,"href":"https:\/\/zonaroja.com.mx\/index.php?rest_route=%2Fwp%2Fv2%2Fcategories&post=87467"},{"taxonomy":"post_tag","embeddable":true,"href":"https:\/\/zonaroja.com.mx\/index.php?rest_route=%2Fwp%2Fv2%2Ftags&post=87467"}],"curies":[{"name":"wp","href":"https:\/\/api.w.org\/{rel}","templated":true}]}}