{"id":87470,"date":"2025-11-30T08:45:00","date_gmt":"2025-11-30T14:45:00","guid":{"rendered":"https:\/\/zonaroja.com.mx\/?p=87470"},"modified":"2025-11-30T06:37:26","modified_gmt":"2025-11-30T12:37:26","slug":"opera-y-flashmob-en-los-mercados-de-oaxaca","status":"publish","type":"post","link":"https:\/\/zonaroja.com.mx\/?p=87470","title":{"rendered":"\u00a1\u00d3pera y \u201cFlashmob\u201d en los mercados de Oaxaca!"},"content":{"rendered":"\n<p>Redacci\u00f3n\/Zona Roja.<\/p>\n\n\n\n<p>Oaxaca, Oax., a 30 de noviembre de 2025.- &nbsp;El ayuntamiento de Oaxaca de Ju\u00e1rez dio a conocer que, en el marco de la Tercera Edici\u00f3n de L\u2019\u00d3pera Internacional, vecinas, vecinos, comerciantes y visitantes de los mercados de la ciudad podr\u00e1n disfrutar de una presentaci\u00f3n art\u00edstica \u00fanica: un \u201cFlashmob\u201d de \u00f3pera que recorrer\u00e1 diversos mercados de la ciudad.&nbsp;<\/p>\n\n\n\n<p>Con el impulso de la Regidur\u00eda de Cultura, Educaci\u00f3n y Fomento a la Lectura, estas intervenciones culturales se llevar\u00e1n a cabo los d\u00edas 2, 4 y 5 de diciembre, entre las 14:00 y 15:00 horas, con la participaci\u00f3n de la compa\u00f1\u00eda L\u2019\u00d3pera Internacional, reconocida por acercar este g\u00e9nero musical a espacios p\u00fablicos y de convivencia comunitaria.<\/p>\n\n\n\n<p>La actividad busca acercar el arte y la m\u00fasica a la vida cotidiana de la ciudad, fortaleciendo el v\u00ednculo entre cultura y comunidad, as\u00ed como promover el uso de los mercados como espacios vivos, seguros y llenos de actividades que impulsan la cohesi\u00f3n social.<\/p>\n\n\n\n<p>El ayuntamiento de Oaxaca de Ju\u00e1rez invita a vecinas, vecinos, locatarios y visitantes a disfrutar de estas intervenciones sorpresivas, ya sea desde su local, durante sus compras o recorriendo los pasillos de los mercados participantes.<\/p>\n\n\n\n<p>Con acciones como esta, seguimos transformando juntos la capital y promoviendo una ciudad donde la cultura y el arte son parte de la vida diaria.<\/p>\n\n\n\n<figure class=\"wp-block-embed is-type-rich is-provider-twitter wp-block-embed-twitter\"><div class=\"wp-block-embed__wrapper\">\n<div class=\"twitter-tweet\"><blockquote class=\"twitter-tweet\" data-lang=\"es\"><p lang=\"es\" dir=\"ltr\">\u00a1La \u00f3pera llega a tu mercado!<br>En el marco de la 3ra Edici\u00f3n de L\u2019\u00d3pera Internacional, te invitamos a disfrutar de un Flashmob art\u00edstico y sorprendente que llenar\u00e1 de m\u00fasica y emoci\u00f3n los mercados de nuestra ciudad.<br><br>\ud83d\udcc5 2, 4 y 5 de diciembre<br>\ud83d\udccd Mercados de Oaxaca de Ju\u00e1rez <a href=\"https:\/\/t.co\/oMsVVpI4kE\">pic.twitter.com\/oMsVVpI4kE<\/a><\/p>&mdash; Municipio de Oaxaca de Ju\u00e1rez (@MunicipioOaxaca) <a href=\"https:\/\/twitter.com\/MunicipioOaxaca\/status\/1994503567374532694?ref_src=twsrc%5Etfw\">28 de noviembre de 2025<\/a><\/blockquote><\/div>\n<\/div><\/figure>\n","protected":false},"excerpt":{"rendered":"<p>Redacci\u00f3n\/Zona Roja. Oaxaca, Oax., a 30 de noviembre de 2025.- &nbsp;El ayuntamiento de Oaxaca de&hellip;<\/p>\n","protected":false},"author":2,"featured_media":67998,"comment_status":"closed","ping_status":"open","sticky":false,"template":"","format":"standard","meta":{"_lmt_disableupdate":"","_lmt_disable":"","_jetpack_memberships_contains_paid_content":false,"footnotes":""},"categories":[109,46],"tags":[148],"class_list":["post-87470","post","type-post","status-publish","format-standard","has-post-thumbnail","hentry","category-minuto-a-minuto","category-zona-blanca","tag-oaxaca-de-juarez"],"jetpack_featured_media_url":"https:\/\/zonaroja.com.mx\/wp-content\/uploads\/2024\/05\/Mercado-Central-de-Abasto-Oaxaca.jpg","jetpack_sharing_enabled":true,"_links":{"self":[{"href":"https:\/\/zonaroja.com.mx\/index.php?rest_route=\/wp\/v2\/posts\/87470","targetHints":{"allow":["GET"]}}],"collection":[{"href":"https:\/\/zonaroja.com.mx\/index.php?rest_route=\/wp\/v2\/posts"}],"about":[{"href":"https:\/\/zonaroja.com.mx\/index.php?rest_route=\/wp\/v2\/types\/post"}],"author":[{"embeddable":true,"href":"https:\/\/zonaroja.com.mx\/index.php?rest_route=\/wp\/v2\/users\/2"}],"replies":[{"embeddable":true,"href":"https:\/\/zonaroja.com.mx\/index.php?rest_route=%2Fwp%2Fv2%2Fcomments&post=87470"}],"version-history":[{"count":1,"href":"https:\/\/zonaroja.com.mx\/index.php?rest_route=\/wp\/v2\/posts\/87470\/revisions"}],"predecessor-version":[{"id":87471,"href":"https:\/\/zonaroja.com.mx\/index.php?rest_route=\/wp\/v2\/posts\/87470\/revisions\/87471"}],"wp:featuredmedia":[{"embeddable":true,"href":"https:\/\/zonaroja.com.mx\/index.php?rest_route=\/wp\/v2\/media\/67998"}],"wp:attachment":[{"href":"https:\/\/zonaroja.com.mx\/index.php?rest_route=%2Fwp%2Fv2%2Fmedia&parent=87470"}],"wp:term":[{"taxonomy":"category","embeddable":true,"href":"https:\/\/zonaroja.com.mx\/index.php?rest_route=%2Fwp%2Fv2%2Fcategories&post=87470"},{"taxonomy":"post_tag","embeddable":true,"href":"https:\/\/zonaroja.com.mx\/index.php?rest_route=%2Fwp%2Fv2%2Ftags&post=87470"}],"curies":[{"name":"wp","href":"https:\/\/api.w.org\/{rel}","templated":true}]}}