{"id":87472,"date":"2025-11-30T09:45:00","date_gmt":"2025-11-30T15:45:00","guid":{"rendered":"https:\/\/zonaroja.com.mx\/?p=87472"},"modified":"2025-11-30T06:47:58","modified_gmt":"2025-11-30T12:47:58","slug":"matan-a-balazos-a-un-individuo-en-la-ermita-ejutla","status":"publish","type":"post","link":"https:\/\/zonaroja.com.mx\/?p=87472","title":{"rendered":"Matan a balazos a un individuo en La Ermita, Ejutla"},"content":{"rendered":"\n<p>Raymundo Morales\/Zona Roja.<\/p>\n\n\n\n<p>Oaxaca, Oax., a 30 de noviembre de 2025.- Una persona del sexo masculino fue asesinada en la agencia de La Ermita, perteneciente al municipio de Ejutla de Crespo, en la regi\u00f3n Valles Centrales de Oaxaca.<\/p>\n\n\n\n<p>Los hechos ocurrieron cerca de las 19:00 horas de ayer, en que las corporaciones policiacas recibieron el reporte de un cuerpo tirado a un costado de la carretera federal 175 que conduce a Puerto \u00c1ngel, a la altura del kil\u00f3metro 63.<\/p>\n\n\n\n<p>Polic\u00edas y organismos de auxilio corroboraron que la v\u00edctima ya no presentaba signos vitales y de manera preliminar fue identificado como Jes\u00fas Antonio D. J., de aproximadamente 21 a\u00f1os de edad.<\/p>\n\n\n\n<p>A un costado fue localizada una motocicleta de color negra, marca It\u00e1lika y sin placas de circulaci\u00f3n.<\/p>\n\n\n\n<p>Tras ello arrib\u00f3 personal de la Agencia Estatal de Investigaciones y de \u00e1rea de Delitos de Alto Impacto, pertenecientes a la Fiscal\u00eda General del Estado, quienes realizaron las primeras labores periciales y contin\u00faan con las indagatorias, con la finalidad de esclarecer el caso.<\/p>\n","protected":false},"excerpt":{"rendered":"<p>Raymundo Morales\/Zona Roja. Oaxaca, Oax., a 30 de noviembre de 2025.- Una persona del sexo&hellip;<\/p>\n","protected":false},"author":2,"featured_media":87475,"comment_status":"closed","ping_status":"open","sticky":false,"template":"","format":"standard","meta":{"_lmt_disableupdate":"","_lmt_disable":"","_jetpack_memberships_contains_paid_content":false,"footnotes":""},"categories":[109,51],"tags":[702],"class_list":["post-87472","post","type-post","status-publish","format-standard","has-post-thumbnail","hentry","category-minuto-a-minuto","category-zona-roja","tag-ejutla-de-crespo"],"jetpack_featured_media_url":"https:\/\/zonaroja.com.mx\/wp-content\/uploads\/2025\/11\/Ejutla-de-Crespo.jpg","jetpack_sharing_enabled":true,"_links":{"self":[{"href":"https:\/\/zonaroja.com.mx\/index.php?rest_route=\/wp\/v2\/posts\/87472","targetHints":{"allow":["GET"]}}],"collection":[{"href":"https:\/\/zonaroja.com.mx\/index.php?rest_route=\/wp\/v2\/posts"}],"about":[{"href":"https:\/\/zonaroja.com.mx\/index.php?rest_route=\/wp\/v2\/types\/post"}],"author":[{"embeddable":true,"href":"https:\/\/zonaroja.com.mx\/index.php?rest_route=\/wp\/v2\/users\/2"}],"replies":[{"embeddable":true,"href":"https:\/\/zonaroja.com.mx\/index.php?rest_route=%2Fwp%2Fv2%2Fcomments&post=87472"}],"version-history":[{"count":1,"href":"https:\/\/zonaroja.com.mx\/index.php?rest_route=\/wp\/v2\/posts\/87472\/revisions"}],"predecessor-version":[{"id":87476,"href":"https:\/\/zonaroja.com.mx\/index.php?rest_route=\/wp\/v2\/posts\/87472\/revisions\/87476"}],"wp:featuredmedia":[{"embeddable":true,"href":"https:\/\/zonaroja.com.mx\/index.php?rest_route=\/wp\/v2\/media\/87475"}],"wp:attachment":[{"href":"https:\/\/zonaroja.com.mx\/index.php?rest_route=%2Fwp%2Fv2%2Fmedia&parent=87472"}],"wp:term":[{"taxonomy":"category","embeddable":true,"href":"https:\/\/zonaroja.com.mx\/index.php?rest_route=%2Fwp%2Fv2%2Fcategories&post=87472"},{"taxonomy":"post_tag","embeddable":true,"href":"https:\/\/zonaroja.com.mx\/index.php?rest_route=%2Fwp%2Fv2%2Ftags&post=87472"}],"curies":[{"name":"wp","href":"https:\/\/api.w.org\/{rel}","templated":true}]}}