{"id":87483,"date":"2025-11-30T12:45:00","date_gmt":"2025-11-30T18:45:00","guid":{"rendered":"https:\/\/zonaroja.com.mx\/?p=87483"},"modified":"2025-11-30T07:03:48","modified_gmt":"2025-11-30T13:03:48","slug":"sentencia-a-50-anos-de-prision-a-secuestrador-en-tlacolula-oaxaca","status":"publish","type":"post","link":"https:\/\/zonaroja.com.mx\/?p=87483","title":{"rendered":"Sentencia a 50 a\u00f1os de prisi\u00f3n a secuestrador en Tlacolula, Oaxaca"},"content":{"rendered":"\n<p>Redacci\u00f3n\/Zona Roja.<\/p>\n\n\n\n<p>Oaxaca, Oax., a 30 de noviembre de 2025.- Como parte de las acciones de investigaci\u00f3n basadas en inteligencia criminal, la Fiscal\u00eda General del Estado de Oaxaca (FGEO) obtuvo una sentencia de 50 a\u00f1os de prisi\u00f3n contra una persona del sexo masculino identificada como El\u00edas H. M., por su responsabilidad en la comisi\u00f3n del delito de secuestro agravado en agravio de M. P. G., ocurrido en la regi\u00f3n de los Valles Centrales.<\/p>\n\n\n\n<p>De acuerdo con la causa penal, el 20 de junio de 2019, familiares de la v\u00edctima mantuvieron comunicaci\u00f3n con \u00e9l por \u00faltima vez.<\/p>\n\n\n\n<p>El 23 de junio de 2019, recibieron llamadas provenientes del tel\u00e9fono celular de la v\u00edctima, en las que exig\u00edan dinero a cambio de su liberaci\u00f3n.<\/p>\n\n\n\n<p>Posteriormente, en un camino de terracer\u00eda ubicado en inmediaciones de San Juan Guegoyachi, perteneciente al municipio de San Pedro Totol\u00e1pam, distrito de Tlacolula de Matamoros, fue localizado el cuerpo sin vida de la v\u00edctima.<\/p>\n\n\n\n<p>Ante la situaci\u00f3n, la Fiscal\u00eda de Oaxaca inici\u00f3 las investigaciones ministeriales a trav\u00e9s de la Fiscal\u00eda Especializada en Delitos de Alto Impacto y la Agencia Estatal de Investigaciones (AEI), adscrita a la Unidad Especializada en el Combate al Secuestro, que de manera inmediata activaron los protocolos de b\u00fasqueda e intervenci\u00f3n, gracias a los cuales se logr\u00f3 la detenci\u00f3n de El\u00edas H. M.<\/p>\n\n\n\n<p>Durante la audiencia, y tras valorar los datos de prueba presentados por la FGEO, el Tribunal de Enjuiciamiento dict\u00f3 sentencia condenatoria contra El\u00edas H. M., imponi\u00e9ndole una pena de 50 a\u00f1os de prisi\u00f3n, adem\u00e1s del pago por la reparaci\u00f3n del da\u00f1o.<\/p>\n\n\n\n<p>VIOLADOR DETENIDO<\/p>\n\n\n\n<p>Por otra parte, la Fiscal\u00eda General del Estado de Oaxaca (FGEO) obtuvo vinculaci\u00f3n a proceso y prisi\u00f3n preventiva en contra de un hombre identificado como C.P.P., imputado por el delito de violaci\u00f3n equiparada, en agravio de una ni\u00f1a con discapacidad auditiva ocurrida en la Sierra de Flores Mag\u00f3n.<\/p>\n\n\n\n<p>El expediente penal del caso, detalla que el delito ocurri\u00f3 entre el 1 y 10 de septiembre de 2024, cuando la v\u00edctima, una ni\u00f1a de nueve a\u00f1os de edad, con diagn\u00f3stico de discapacidad auditiva con hipoacusia, fue interceptada y llevada contra su voluntad a un domicilio ubicado en la colonia 3 de Julio, R\u00edo Sapo perteneciente a Santa Mar\u00eda Chilchotla, lugar donde el agresor la atac\u00f3 sexualmente.<\/p>\n\n\n\n<p>Al tener conocimiento de los hechos, derivado de la denuncia, la FGEO inici\u00f3 las investigaciones correspondientes a trav\u00e9s de la Vicefiscal\u00eda General de Control Regional, reuniendo las pruebas necesarias que permitieron obtener una orden de aprehensi\u00f3n y posteriormente la detenci\u00f3n de C.P.P., la cual fue ejecutada por elementos de la Agencia Estatal de Investigaciones (AEI) quienes lo presentaron ante la autoridad competente para su certificaci\u00f3n m\u00e9dica y posteriormente ante el Juez de control para su imputaci\u00f3n y proceso penal.<\/p>\n\n\n\n<p>En audiencia y derivado de la evaluaci\u00f3n de los datos de prueba aportados por la FGEO, el Juez de la causa dict\u00f3 auto de vinculaci\u00f3n a proceso en contra de C.P.P., por el delito de violaci\u00f3n equiparada e impuso la medida cautelar de prisi\u00f3n preventiva justificada, otorgando un plazo de dos meses para el cierre de la investigaci\u00f3n complementaria.<\/p>\n\n\n\n<p>OTRO DETENIDO<\/p>\n\n\n\n<p>En otro caso, la instituci\u00f3n de procuraci\u00f3n de justicia dio cumplimiento a una orden de cateo en un domicilio de Huajuapan de Le\u00f3n que permiti\u00f3 la detenci\u00f3n de una persona del sexo masculino identificado como M.A.Z., por el delito de violaci\u00f3n equiparada en agravio de una adolescente, hechos ocurridos en la regi\u00f3n de la Mixteca.<\/p>\n\n\n\n<p>El cateo fue efectuado por Agentes Estatales de Investigaci\u00f3n (AEI) en conjunto con elementos de la Secretar\u00eda de la Defensa Nacional (Defensa) y de la Polic\u00eda Estatal, en un domicilio ubicado en la carretera local que conduce a Mariscala de Ju\u00e1rez en inmediaciones de la colonia San Pedro Los Pinos en la ciudad de Huajuapan de Le\u00f3n, donde detuvieron a una persona.<\/p>\n\n\n\n<p>La captura deriva de hechos ocurridos desde marzo de 2025 hasta junio del mismo a\u00f1o, fecha en que se perpetr\u00f3 una agresi\u00f3n sexual en contra de una adolescente de 14 a\u00f1os de edad (cuya identidad est\u00e1 reservada por ley).<\/p>\n\n\n\n<p>De acuerdo con lo asentado en el expediente penal del caso, el agresor empez\u00f3 a ganarse la confianza de la v\u00edctima desde octubre de 2024, ya que manten\u00eda una relaci\u00f3n de amistad con el padre de la menor y la visitaba constantemente a su negocio (taquer\u00eda), en la colonia Aviaci\u00f3n de Huajuapan de Le\u00f3n, lugar donde poco a poco la fue enganchando hasta establecer una relaci\u00f3n de noviazgo que ocultaban del entorno de la v\u00edctima.<\/p>\n\n\n\n<p>Cuando la FGEO tom\u00f3 conocimiento del caso a trav\u00e9s de la denuncia, inici\u00f3 las investigaciones correspondientes a trav\u00e9s de la Vicefiscal\u00eda Regional de la Mixteca que, luego de ordenar los trabajos ministeriales de investigaci\u00f3n con perspectiva de infancia y g\u00e9nero, logr\u00f3 reunir las pruebas suficientes para obtener una orden de aprehensi\u00f3n en contra de M.A.Z.<\/p>\n\n\n\n<p>Una vez localizado, se obtuvo de un juez de control la respectiva orden de cateo, para ejecutar la aprehensi\u00f3n del imputado, quien qued\u00f3 a disposici\u00f3n de la autoridad que lo requiri\u00f3 para resolver su situaci\u00f3n legal.<\/p>\n","protected":false},"excerpt":{"rendered":"<p>Redacci\u00f3n\/Zona Roja. Oaxaca, Oax., a 30 de noviembre de 2025.- Como parte de las acciones&hellip;<\/p>\n","protected":false},"author":2,"featured_media":87484,"comment_status":"closed","ping_status":"open","sticky":false,"template":"","format":"standard","meta":{"_lmt_disableupdate":"","_lmt_disable":"","_jetpack_memberships_contains_paid_content":false,"footnotes":""},"categories":[109,46],"tags":[494],"class_list":["post-87483","post","type-post","status-publish","format-standard","has-post-thumbnail","hentry","category-minuto-a-minuto","category-zona-blanca","tag-fiscalia-general-del-estado-de-oaxaca"],"jetpack_featured_media_url":"https:\/\/zonaroja.com.mx\/wp-content\/uploads\/2025\/11\/Secuestrador-Tlacolula-sentenciado-50-anos.jpg","jetpack_sharing_enabled":true,"_links":{"self":[{"href":"https:\/\/zonaroja.com.mx\/index.php?rest_route=\/wp\/v2\/posts\/87483","targetHints":{"allow":["GET"]}}],"collection":[{"href":"https:\/\/zonaroja.com.mx\/index.php?rest_route=\/wp\/v2\/posts"}],"about":[{"href":"https:\/\/zonaroja.com.mx\/index.php?rest_route=\/wp\/v2\/types\/post"}],"author":[{"embeddable":true,"href":"https:\/\/zonaroja.com.mx\/index.php?rest_route=\/wp\/v2\/users\/2"}],"replies":[{"embeddable":true,"href":"https:\/\/zonaroja.com.mx\/index.php?rest_route=%2Fwp%2Fv2%2Fcomments&post=87483"}],"version-history":[{"count":1,"href":"https:\/\/zonaroja.com.mx\/index.php?rest_route=\/wp\/v2\/posts\/87483\/revisions"}],"predecessor-version":[{"id":87485,"href":"https:\/\/zonaroja.com.mx\/index.php?rest_route=\/wp\/v2\/posts\/87483\/revisions\/87485"}],"wp:featuredmedia":[{"embeddable":true,"href":"https:\/\/zonaroja.com.mx\/index.php?rest_route=\/wp\/v2\/media\/87484"}],"wp:attachment":[{"href":"https:\/\/zonaroja.com.mx\/index.php?rest_route=%2Fwp%2Fv2%2Fmedia&parent=87483"}],"wp:term":[{"taxonomy":"category","embeddable":true,"href":"https:\/\/zonaroja.com.mx\/index.php?rest_route=%2Fwp%2Fv2%2Fcategories&post=87483"},{"taxonomy":"post_tag","embeddable":true,"href":"https:\/\/zonaroja.com.mx\/index.php?rest_route=%2Fwp%2Fv2%2Ftags&post=87483"}],"curies":[{"name":"wp","href":"https:\/\/api.w.org\/{rel}","templated":true}]}}