{"id":87488,"date":"2025-11-30T13:45:00","date_gmt":"2025-11-30T19:45:00","guid":{"rendered":"https:\/\/zonaroja.com.mx\/?p=87488"},"modified":"2025-11-30T07:09:32","modified_gmt":"2025-11-30T13:09:32","slug":"eleccion-de-titularidad-en-la-fgr-debera-ser-clara-y-democratica-senador","status":"publish","type":"post","link":"https:\/\/zonaroja.com.mx\/?p=87488","title":{"rendered":"Elecci\u00f3n de titularidad en la FGR deber\u00e1 ser clara y democr\u00e1tica: senador"},"content":{"rendered":"\n<p>Redacci\u00f3n\/Zona Roja Cdmx.<\/p>\n\n\n\n<p>Ciudad de M\u00e9xico, a 30 de noviembre de 2025.- El senador por Oaxaca, Antonino Morales Toledo, hizo un en\u00e9rgico llamado a la oposici\u00f3n a privilegiar la institucionalidad del procedimiento que se sigue para el nombramiento de la persona titular de la Fiscal\u00eda General de la Rep\u00fablica (FGR), el cual se realiza con absoluto apego a la ley.<\/p>\n\n\n\n<p>El senador destac\u00f3 que la Constituci\u00f3n establece un proceso claro y democr\u00e1tico para la designaci\u00f3n del o la titular de la FGR, que involucra al Senado y al Ejecutivo federal, asegurando transparencia y legitimidad. \u201cEs momento de actuar con seriedad y apego a la ley, no de politiquer\u00eda. El procedimiento est\u00e1 dise\u00f1ado para priorizar el inter\u00e9s p\u00fablico y la capacidad de los servidores p\u00fablicos\u201d, afirm\u00f3.<\/p>\n\n\n\n<p>En este contexto, el senador Morales Toledo consider\u00f3 que la experiencia y el compromiso de Ernestina Godoy Ramos la convierten en la persona id\u00f3nea para liderar la FGR. \u201cEs una mujer de principios, honesta y con convicciones, cuya trayectoria avala su capacidad para este encargo\u201d, se\u00f1al\u00f3, respaldando los se\u00f1alamientos p\u00fablicos de la presidenta Claudia Sheinbaum.<\/p>\n\n\n\n<p>La designaci\u00f3n de Godoy Ramos fortalecer\u00e1 las tareas de investigaci\u00f3n y la coordinaci\u00f3n con la Secretar\u00eda de Seguridad y Protecci\u00f3n Ciudadana (SSPC), que encabeza Omar Garc\u00eda Harfuch, as\u00ed como con las fiscal\u00edas estatales.&nbsp;<\/p>\n\n\n\n<p>\u201cLa mancuerna que conformaron en la Ciudad de M\u00e9xico fue fundamental en la implementaci\u00f3n exitosa del modelo de seguridad y procuraci\u00f3n de justicia que impuls\u00f3 la doctora Sheinbaum como jefa de gobierno. Ahora replicaremos ese \u00e9xito a nivel nacional para cumplir con los objetivos de la Estrategia Nacional de Seguridad P\u00fablica\u201d, explic\u00f3 el senador.<\/p>\n\n\n\n<p>Record\u00f3 que, durante su gesti\u00f3n como la primera Fiscal de la Cdmx, Godoy Ramos encabez\u00f3 investigaciones de alto impacto, incluyendo casos de feminicidios, lo que demuestra su firme compromiso con la justicia para las v\u00edctimas.<\/p>\n\n\n\n<p>Adem\u00e1s, explic\u00f3, ha iniciado ya una reconfiguraci\u00f3n institucional con la designaci\u00f3n de nuevos titulares en \u00e1reas clave de la FGR, como la Agencia de Investigaci\u00f3n Criminal (AIC) y la Fiscal\u00eda Especializada en Materia de Delincuencia Organizada (FEMDO), lo que refuerza la coordinaci\u00f3n con la SSPC.<\/p>\n\n\n\n<p>Frente a las cr\u00edticas de los partidos de oposici\u00f3n, el senador Morales Toledo fue contundente: \u201cCuando pretenden descalificar un procedimiento legal, les preguntar\u00eda \u00bfd\u00f3nde qued\u00f3 su supuesta defensa de las instituciones cuando en el pasado ellos mismos exig\u00edan en 2022 la salida del fiscal Gertz Manero? El pueblo no es tonto y reconoce la hipocres\u00eda\u201d.<\/p>\n\n\n\n<p>Se\u00f1al\u00f3 que mientras el PRI y el PAN se dedican a la politiquer\u00eda y a intentar entorpecer un proceso legal, Morena y sus aliados trabajan para dotar al pa\u00eds de una FGR aut\u00f3noma, eficaz, coordinada y al servicio del pueblo. \u201cSu doble discurso los exhibe. Nosotros, en cambio, tenemos un compromiso con la verdad y con la construcci\u00f3n de la paz con justicia que M\u00e9xico demanda\u201d, finaliz\u00f3.&nbsp;<\/p>\n","protected":false},"excerpt":{"rendered":"<p>Redacci\u00f3n\/Zona Roja Cdmx. Ciudad de M\u00e9xico, a 30 de noviembre de 2025.- El senador por&hellip;<\/p>\n","protected":false},"author":2,"featured_media":87439,"comment_status":"closed","ping_status":"open","sticky":false,"template":"","format":"standard","meta":{"_lmt_disableupdate":"","_lmt_disable":"","_jetpack_memberships_contains_paid_content":false,"footnotes":""},"categories":[109,46],"tags":[180],"class_list":["post-87488","post","type-post","status-publish","format-standard","has-post-thumbnail","hentry","category-minuto-a-minuto","category-zona-blanca","tag-antonino-morales-toledo"],"jetpack_featured_media_url":"https:\/\/zonaroja.com.mx\/wp-content\/uploads\/2025\/11\/Antonino-Morales-2.jpg","jetpack_sharing_enabled":true,"_links":{"self":[{"href":"https:\/\/zonaroja.com.mx\/index.php?rest_route=\/wp\/v2\/posts\/87488","targetHints":{"allow":["GET"]}}],"collection":[{"href":"https:\/\/zonaroja.com.mx\/index.php?rest_route=\/wp\/v2\/posts"}],"about":[{"href":"https:\/\/zonaroja.com.mx\/index.php?rest_route=\/wp\/v2\/types\/post"}],"author":[{"embeddable":true,"href":"https:\/\/zonaroja.com.mx\/index.php?rest_route=\/wp\/v2\/users\/2"}],"replies":[{"embeddable":true,"href":"https:\/\/zonaroja.com.mx\/index.php?rest_route=%2Fwp%2Fv2%2Fcomments&post=87488"}],"version-history":[{"count":1,"href":"https:\/\/zonaroja.com.mx\/index.php?rest_route=\/wp\/v2\/posts\/87488\/revisions"}],"predecessor-version":[{"id":87489,"href":"https:\/\/zonaroja.com.mx\/index.php?rest_route=\/wp\/v2\/posts\/87488\/revisions\/87489"}],"wp:featuredmedia":[{"embeddable":true,"href":"https:\/\/zonaroja.com.mx\/index.php?rest_route=\/wp\/v2\/media\/87439"}],"wp:attachment":[{"href":"https:\/\/zonaroja.com.mx\/index.php?rest_route=%2Fwp%2Fv2%2Fmedia&parent=87488"}],"wp:term":[{"taxonomy":"category","embeddable":true,"href":"https:\/\/zonaroja.com.mx\/index.php?rest_route=%2Fwp%2Fv2%2Fcategories&post=87488"},{"taxonomy":"post_tag","embeddable":true,"href":"https:\/\/zonaroja.com.mx\/index.php?rest_route=%2Fwp%2Fv2%2Ftags&post=87488"}],"curies":[{"name":"wp","href":"https:\/\/api.w.org\/{rel}","templated":true}]}}