{"id":87490,"date":"2025-11-30T14:45:00","date_gmt":"2025-11-30T20:45:00","guid":{"rendered":"https:\/\/zonaroja.com.mx\/?p=87490"},"modified":"2025-11-30T07:13:19","modified_gmt":"2025-11-30T13:13:19","slug":"directivo-de-aduanas-facturo-operaciones-sospechosas-con-empresa-ligada-a-cartel-colombiano","status":"publish","type":"post","link":"https:\/\/zonaroja.com.mx\/?p=87490","title":{"rendered":"Directivo de Aduanas factur\u00f3 operaciones sospechosas con empresa ligada a cartel colombiano"},"content":{"rendered":"\n<p>Redacci\u00f3n\/Zona Roja Cdmx.<\/p>\n\n\n\n<p>(Informaci\u00f3n de Entorno.Mx)<\/p>\n\n\n\n<p>Ciudad de M\u00e9xico, a 30 de noviembre de 2025.- La empresa Aledo SA de CV, vinculada con Alex Tonatiuh M\u00e1rquez Hern\u00e1ndez, actual director General de Investigaci\u00f3n Aduanera de la Agencia Nacional de Aduanas de M\u00e9xico (ANAM), realiz\u00f3 operaciones millonarias en 2019 con una compa\u00f1\u00eda colombiana que por varios a\u00f1os estuvo relacionada directamente con el C\u00e1rtel de Cali.<\/p>\n\n\n\n<p>Dichas operaciones, que ascienden 253 millones de pesos, podr\u00edan haber sido simuladas, seg\u00fan los resultados de una auditor\u00eda realizada por el Servicio de Administraci\u00f3n Tributaria (SAT).<\/p>\n\n\n\n<p>Hace unos meses El Universal public\u00f3 que M\u00e1rquez Hern\u00e1ndez se encontraba bajo investigaci\u00f3n por transferencias recibidas desde su empresa Aledo SA de CV la cual a su vez estaba en la mira del SAT por diversas operaciones irregulares llevadas a cabo entre 2017 y 2019.<\/p>\n\n\n\n<p>Incluso se estableci\u00f3 que el SAT impuso un cr\u00e9dito fiscal a dicha compa\u00f1\u00eda por 109 millones de pesos tras concluir a trav\u00e9s de la auditor\u00eda folio CGA2000285\/20 que dichas operaciones carec\u00edan de materialidad por lo que se trataba, con alta probabilidad, de actividades simuladas y de posible lavado de dinero.<\/p>\n\n\n\n<p>Nuevos datos a los que tuvo acceso Entorno MX muestran que estas operaciones sospechosas fueron facturada por Aledo SA de CV con la empresa Materias y Suministros, S.A., tambi\u00e9n conocida como Materias Primas y Suministros, LTDA. o Matsum, S.A., la cual figur\u00f3 en la lista de la Oficina de Control de Activos Extranjeros (OFAC) del Departamento del Tesoro de Estados Unidos hasta que finalmente fue removida en 2014.<\/p>\n\n\n\n<p>En total, las operaciones sospechosas por un monto de 253 millones de pesos identificadas por el SAT se distribuyen en 109 servicios facturas emitidas a la empresa Materias Primas y Suministros (Matsum SA) y el concepto son supuestas importaciones de telas.<\/p>\n\n\n\n<p>Durante varios a\u00f1os Materias Primas y Suministros permaneci\u00f3 en la lista de OFAC por su relaci\u00f3n con la Familia Rodr\u00edguez Orejuela, quienes encabezaron el C\u00e1rtel de Cali, responsable del tr\u00e1fico de cerca del 80 por ciento de la coca\u00edna a territorio estadounidense.<\/p>\n\n\n\n<p>M\u00e1s informaci\u00f3n y documentos, en este enlace:<\/p>\n\n\n\n<figure class=\"wp-block-embed is-type-wp-embed is-provider-entorno-mx wp-block-embed-entorno-mx\"><div class=\"wp-block-embed__wrapper\">\n<blockquote class=\"wp-embedded-content\" data-secret=\"MdCdyUQmFu\"><a href=\"https:\/\/e-ntorno.com\/directivo-de-aduanas-facturo-operaciones-sospechosas-con-empresa-ligada-a-cartel-colombiano\/\">Directivo de Aduanas factur\u00f3 operaciones sospechosas con empresa ligada a cartel colombiano<\/a><\/blockquote><iframe class=\"wp-embedded-content\" sandbox=\"allow-scripts\" security=\"restricted\" style=\"position: absolute; clip: rect(1px, 1px, 1px, 1px);\" title=\"&#8220;Directivo de Aduanas factur\u00f3 operaciones sospechosas con empresa ligada a cartel colombiano&#8221; &#8212; Entorno MX\" src=\"https:\/\/e-ntorno.com\/directivo-de-aduanas-facturo-operaciones-sospechosas-con-empresa-ligada-a-cartel-colombiano\/embed\/#?secret=VMmsY17hMR#?secret=MdCdyUQmFu\" data-secret=\"MdCdyUQmFu\" width=\"600\" height=\"338\" frameborder=\"0\" marginwidth=\"0\" marginheight=\"0\" scrolling=\"no\"><\/iframe>\n<\/div><\/figure>\n","protected":false},"excerpt":{"rendered":"<p>Redacci\u00f3n\/Zona Roja Cdmx. (Informaci\u00f3n de Entorno.Mx) Ciudad de M\u00e9xico, a 30 de noviembre de 2025.-&hellip;<\/p>\n","protected":false},"author":2,"featured_media":83254,"comment_status":"closed","ping_status":"open","sticky":false,"template":"","format":"standard","meta":{"_lmt_disableupdate":"","_lmt_disable":"","_jetpack_memberships_contains_paid_content":false,"footnotes":""},"categories":[109],"tags":[4392],"class_list":["post-87490","post","type-post","status-publish","format-standard","has-post-thumbnail","hentry","category-minuto-a-minuto","tag-alex-tonatiuh-marquez"],"jetpack_featured_media_url":"https:\/\/zonaroja.com.mx\/wp-content\/uploads\/2025\/08\/Alex-Tonatiuh-Marquez.avif","jetpack_sharing_enabled":true,"_links":{"self":[{"href":"https:\/\/zonaroja.com.mx\/index.php?rest_route=\/wp\/v2\/posts\/87490","targetHints":{"allow":["GET"]}}],"collection":[{"href":"https:\/\/zonaroja.com.mx\/index.php?rest_route=\/wp\/v2\/posts"}],"about":[{"href":"https:\/\/zonaroja.com.mx\/index.php?rest_route=\/wp\/v2\/types\/post"}],"author":[{"embeddable":true,"href":"https:\/\/zonaroja.com.mx\/index.php?rest_route=\/wp\/v2\/users\/2"}],"replies":[{"embeddable":true,"href":"https:\/\/zonaroja.com.mx\/index.php?rest_route=%2Fwp%2Fv2%2Fcomments&post=87490"}],"version-history":[{"count":1,"href":"https:\/\/zonaroja.com.mx\/index.php?rest_route=\/wp\/v2\/posts\/87490\/revisions"}],"predecessor-version":[{"id":87491,"href":"https:\/\/zonaroja.com.mx\/index.php?rest_route=\/wp\/v2\/posts\/87490\/revisions\/87491"}],"wp:featuredmedia":[{"embeddable":true,"href":"https:\/\/zonaroja.com.mx\/index.php?rest_route=\/wp\/v2\/media\/83254"}],"wp:attachment":[{"href":"https:\/\/zonaroja.com.mx\/index.php?rest_route=%2Fwp%2Fv2%2Fmedia&parent=87490"}],"wp:term":[{"taxonomy":"category","embeddable":true,"href":"https:\/\/zonaroja.com.mx\/index.php?rest_route=%2Fwp%2Fv2%2Fcategories&post=87490"},{"taxonomy":"post_tag","embeddable":true,"href":"https:\/\/zonaroja.com.mx\/index.php?rest_route=%2Fwp%2Fv2%2Ftags&post=87490"}],"curies":[{"name":"wp","href":"https:\/\/api.w.org\/{rel}","templated":true}]}}