{"id":87492,"date":"2025-11-30T15:45:00","date_gmt":"2025-11-30T21:45:00","guid":{"rendered":"https:\/\/zonaroja.com.mx\/?p=87492"},"modified":"2025-11-30T07:15:23","modified_gmt":"2025-11-30T13:15:23","slug":"se-fortalece-conexion-aerea-con-vuelos-internacionales-a-la-region-costa","status":"publish","type":"post","link":"https:\/\/zonaroja.com.mx\/?p=87492","title":{"rendered":"Se fortalece conexi\u00f3n a\u00e9rea con vuelos internacionales a la regi\u00f3n Costa"},"content":{"rendered":"\n<p>Redacci\u00f3n\/Zona Roja.<\/p>\n\n\n\n<p>Oaxaca, Oax., a 30 de noviembre de 2025.- La Secretar\u00eda de Turismo del Estado (Sectur Oaxaca) informa que, a partir del 3 de diciembre, iniciar\u00e1n operaciones los nuevos vuelos desde Estados Unidos y Canad\u00e1 que fortalecer\u00e1n la conectividad a\u00e9rea de Puerto Escondido y Bah\u00edas de Huatulco.<\/p>\n\n\n\n<p>Para el caso de Puerto Escondido, American Airlines incorporar\u00e1 tres vuelos procedentes de Dallas, con dos frecuencias por semana los d\u00edas mi\u00e9rcoles y s\u00e1bado; lo que agregar\u00e1 alrededor de 8 mil asientos anuales a este destino.<\/p>\n\n\n\n<p>Asimismo, a partir del 12 de diciembre operar\u00e1 un vuelo semanal desde Calgary con la empresa WestJet, con salidas todos los viernes hasta el 24 de abril de 2026. Esta nueva ruta generar\u00e1 una oferta de aproximadamente 3 mil 780 asientos adicionales.<\/p>\n\n\n\n<p>A ellos se suma el vuelo proveniente de Toronto, operado por Air Canada, que estar\u00e1 activo del 17 de diciembre de 2025 al 8 de abril de 2026, con una frecuencia semanal los d\u00edas mi\u00e9rcoles, lo que representa la disponibilidad de 2 mil 363 asientos m\u00e1s.<\/p>\n\n\n\n<p>El Aeropuerto Internacional de Bah\u00edas de Huatulco recibir\u00e1 un nuevo vuelo desde Vancouver de la aerol\u00ednea Air Canada, a partir del 7 de diciembre, con una frecuencia semanal los domingos hasta el 12 de abril de 2026 y una oferta de 2 mil 835 asientos disponibles.<\/p>\n","protected":false},"excerpt":{"rendered":"<p>Redacci\u00f3n\/Zona Roja. Oaxaca, Oax., a 30 de noviembre de 2025.- La Secretar\u00eda de Turismo del&hellip;<\/p>\n","protected":false},"author":2,"featured_media":87478,"comment_status":"closed","ping_status":"open","sticky":false,"template":"","format":"standard","meta":{"_lmt_disableupdate":"","_lmt_disable":"","_jetpack_memberships_contains_paid_content":false,"footnotes":""},"categories":[109,46],"tags":[1031],"class_list":["post-87492","post","type-post","status-publish","format-standard","has-post-thumbnail","hentry","category-minuto-a-minuto","category-zona-blanca","tag-secretaria-de-turismo-oaxaca"],"jetpack_featured_media_url":"https:\/\/zonaroja.com.mx\/wp-content\/uploads\/2025\/11\/Nuevos-vuelos-Canada-Oaxaca.jpg","jetpack_sharing_enabled":true,"_links":{"self":[{"href":"https:\/\/zonaroja.com.mx\/index.php?rest_route=\/wp\/v2\/posts\/87492","targetHints":{"allow":["GET"]}}],"collection":[{"href":"https:\/\/zonaroja.com.mx\/index.php?rest_route=\/wp\/v2\/posts"}],"about":[{"href":"https:\/\/zonaroja.com.mx\/index.php?rest_route=\/wp\/v2\/types\/post"}],"author":[{"embeddable":true,"href":"https:\/\/zonaroja.com.mx\/index.php?rest_route=\/wp\/v2\/users\/2"}],"replies":[{"embeddable":true,"href":"https:\/\/zonaroja.com.mx\/index.php?rest_route=%2Fwp%2Fv2%2Fcomments&post=87492"}],"version-history":[{"count":1,"href":"https:\/\/zonaroja.com.mx\/index.php?rest_route=\/wp\/v2\/posts\/87492\/revisions"}],"predecessor-version":[{"id":87493,"href":"https:\/\/zonaroja.com.mx\/index.php?rest_route=\/wp\/v2\/posts\/87492\/revisions\/87493"}],"wp:featuredmedia":[{"embeddable":true,"href":"https:\/\/zonaroja.com.mx\/index.php?rest_route=\/wp\/v2\/media\/87478"}],"wp:attachment":[{"href":"https:\/\/zonaroja.com.mx\/index.php?rest_route=%2Fwp%2Fv2%2Fmedia&parent=87492"}],"wp:term":[{"taxonomy":"category","embeddable":true,"href":"https:\/\/zonaroja.com.mx\/index.php?rest_route=%2Fwp%2Fv2%2Fcategories&post=87492"},{"taxonomy":"post_tag","embeddable":true,"href":"https:\/\/zonaroja.com.mx\/index.php?rest_route=%2Fwp%2Fv2%2Ftags&post=87492"}],"curies":[{"name":"wp","href":"https:\/\/api.w.org\/{rel}","templated":true}]}}